{"id":603,"date":"2017-04-10T14:13:12","date_gmt":"2017-04-10T14:13:12","guid":{"rendered":"https:\/\/www.upr.edu\/red-ici\/?p=603"},"modified":"2017-04-10T15:26:41","modified_gmt":"2017-04-10T15:26:41","slug":"colecciones-especiales-en-la-biblioteca-de-derecho-del-recinto-de-rio-piedras","status":"publish","type":"post","link":"https:\/\/www.upr.edu\/red-ici\/?p=603","title":{"rendered":"Colecciones especiales en la Biblioteca de Derecho del Recinto de R\u00edo Piedras"},"content":{"rendered":"<p>A continuaci\u00f3n algunos puntos interesantes en esta visita.<\/p>\n<p>Sala de Documentos Judiciales y Colecciones Especiales<\/p>\n<p>En el 1985 el decano Carlos G. Cadilla le surgi\u00f3 la idea de crear un archivo para acoger colecciones de documentos p\u00fablicos y privados pertenecientes a magistrados.<br \/>\nHasta el momento cuentan con las colecciones especiales de:<br \/>\nJos\u00e9 Tr\u00edas Monge<br \/>\nCarlos V. D\u00e1vila<br \/>\nPeter Ortiz Gustafson<br \/>\nEmilio del Toro Cuebas<br \/>\nV\u00edctor M. Pons<br \/>\nCarlos J. Irizarry Yunque<br \/>\nBufete Peynado y Peynado<br \/>\nLa primera colecci\u00f3n que se recibi\u00f3 fue la del juez Jos\u00e9 Tr\u00edas Monge.<\/p>\n<p>&nbsp;<\/p>\n<p>&nbsp;<\/p>\n","protected":false},"excerpt":{"rendered":"<p>A continuaci\u00f3n algunos puntos interesantes en esta visita. Sala de Documentos Judiciales y Colecciones Especiales En el 1985 el decano Carlos G. Cadilla le surgi\u00f3 la idea de crear un archivo para acoger colecciones de documentos p\u00fablicos y privados pertenecientes a magistrados. Hasta el momento cuentan con las colecciones especiales de: Jos\u00e9 Tr\u00edas Monge Carlos&hellip;<\/p>\n","protected":false},"author":95,"featured_media":613,"comment_status":"open","ping_status":"open","sticky":false,"template":"","format":"standard","meta":{"_themeisle_gutenberg_block_has_review":false,"footnotes":""},"categories":[5],"tags":[],"class_list":["post-603","post","type-post","status-publish","format-standard","has-post-thumbnail","hentry","category-cpdcc","category-5","description-off"],"_links":{"self":[{"href":"https:\/\/www.upr.edu\/red-ici\/index.php?rest_route=\/wp\/v2\/posts\/603","targetHints":{"allow":["GET"]}}],"collection":[{"href":"https:\/\/www.upr.edu\/red-ici\/index.php?rest_route=\/wp\/v2\/posts"}],"about":[{"href":"https:\/\/www.upr.edu\/red-ici\/index.php?rest_route=\/wp\/v2\/types\/post"}],"author":[{"embeddable":true,"href":"https:\/\/www.upr.edu\/red-ici\/index.php?rest_route=\/wp\/v2\/users\/95"}],"replies":[{"embeddable":true,"href":"https:\/\/www.upr.edu\/red-ici\/index.php?rest_route=%2Fwp%2Fv2%2Fcomments&post=603"}],"version-history":[{"count":1,"href":"https:\/\/www.upr.edu\/red-ici\/index.php?rest_route=\/wp\/v2\/posts\/603\/revisions"}],"predecessor-version":[{"id":604,"href":"https:\/\/www.upr.edu\/red-ici\/index.php?rest_route=\/wp\/v2\/posts\/603\/revisions\/604"}],"wp:featuredmedia":[{"embeddable":true,"href":"https:\/\/www.upr.edu\/red-ici\/index.php?rest_route=\/wp\/v2\/media\/613"}],"wp:attachment":[{"href":"https:\/\/www.upr.edu\/red-ici\/index.php?rest_route=%2Fwp%2Fv2%2Fmedia&parent=603"}],"wp:term":[{"taxonomy":"category","embeddable":true,"href":"https:\/\/www.upr.edu\/red-ici\/index.php?rest_route=%2Fwp%2Fv2%2Fcategories&post=603"},{"taxonomy":"post_tag","embeddable":true,"href":"https:\/\/www.upr.edu\/red-ici\/index.php?rest_route=%2Fwp%2Fv2%2Ftags&post=603"}],"curies":[{"name":"wp","href":"https:\/\/api.w.org\/{rel}","templated":true}]}}