{"id":597,"date":"2017-04-10T14:11:05","date_gmt":"2017-04-10T14:11:05","guid":{"rendered":"https:\/\/www.upr.edu\/red-ici\/?p=597"},"modified":"2017-04-10T15:36:15","modified_gmt":"2017-04-10T15:36:15","slug":"visita-a-la-sala-zenobia-y-juan-ramon-jimenez","status":"publish","type":"post","link":"https:\/\/www.upr.edu\/red-ici\/?p=597","title":{"rendered":"Visita a la Sala Zenobia y Juan Ram\u00f3n Jim\u00e9nez"},"content":{"rendered":"<p style=\"text-align: justify\">El viernes, 20 de septiembre de 2013, la Comunidad se reuni\u00f3 en la Biblioteca de Derecho de la Universidad de Puerto Rico, Recinto de R\u00edo Piedras, para conocer sus colecciones especiales. El Sr. Jos\u00e9 Morales Cardona, Archivero a cargo de las colecciones especiales, nos ofreci\u00f3 una presentaci\u00f3n y nos dio un recorrido por estas colecciones.<\/p>\n<p style=\"text-align: justify\">A continuaci\u00f3n algunos puntos interesantes en esta visita.<\/p>\n<p style=\"text-align: justify\">Sala de Documentos Judiciales y Colecciones Especiales<\/p>\n<p style=\"text-align: justify\">En el 1985 el decano Carlos G. Cadilla le surgi\u00f3 la idea de crear un archivo para acoger colecciones de documentos p\u00fablicos y privados pertenecientes a magistrados.<\/p>\n\n\t\t\t<style type='text\/css'>\n\t\t\t\t#gallery-1 {\n\t\t\t\t\tmargin: auto;\n\t\t\t\t}\n\t\t\t\t#gallery-1 .gallery-item {\n\t\t\t\t\tfloat: left;\n\t\t\t\t\tmargin-top: 10px;\n\t\t\t\t\ttext-align: center;\n\t\t\t\t\twidth: 50%;\n\t\t\t\t}\n\t\t\t\t#gallery-1 img {\n\t\t\t\t\tborder: 2px solid #cfcfcf;\n\t\t\t\t}\n\t\t\t\t#gallery-1 .gallery-caption {\n\t\t\t\t\tmargin-left: 0;\n\t\t\t\t}\n\t\t\t\t\/* see gallery_shortcode() in wp-includes\/media.php *\/\n\t\t\t<\/style>\n\t\t<div id='gallery-1' class='dt-gallery-container gallery galleryid-597 gallery-columns-2 gallery-size-large'><dl class='gallery-item'>\n\t\t\t\t<dt class='gallery-icon landscape'>\n\t\t\t\t\t<a class=\"rollover rollover-zoom dt-pswp-item\" title=\"IMG_3990\" data-dt-img-description=\"\" data-large_image_width=\"5472\" data-large_image_height=\"3648\"href='https:\/\/www.upr.edu\/red-ici\/wp-content\/uploads\/sites\/66\/2017\/04\/IMG_3990.jpg'><img loading=\"lazy\" decoding=\"async\" width=\"1024\" height=\"683\" src=\"https:\/\/www.upr.edu\/red-ici\/wp-content\/uploads\/sites\/66\/2017\/04\/IMG_3990-1024x683.jpg\" class=\"attachment-large size-large\" alt=\"\" srcset=\"https:\/\/www.upr.edu\/red-ici\/wp-content\/uploads\/sites\/66\/2017\/04\/IMG_3990-1024x683.jpg 1024w, https:\/\/www.upr.edu\/red-ici\/wp-content\/uploads\/sites\/66\/2017\/04\/IMG_3990-300x200.jpg 300w, https:\/\/www.upr.edu\/red-ici\/wp-content\/uploads\/sites\/66\/2017\/04\/IMG_3990-768x512.jpg 768w\" sizes=\"auto, (max-width: 1024px) 100vw, 1024px\" \/><\/a>\n\t\t\t\t<\/dt><\/dl><dl class='gallery-item'>\n\t\t\t\t<dt class='gallery-icon landscape'>\n\t\t\t\t\t<a class=\"rollover rollover-zoom dt-pswp-item\" title=\"IMG_3966\" data-dt-img-description=\"\" data-large_image_width=\"5472\" data-large_image_height=\"3648\"href='https:\/\/www.upr.edu\/red-ici\/wp-content\/uploads\/sites\/66\/2017\/04\/IMG_3966.jpg'><img loading=\"lazy\" decoding=\"async\" width=\"1024\" height=\"683\" src=\"https:\/\/www.upr.edu\/red-ici\/wp-content\/uploads\/sites\/66\/2017\/04\/IMG_3966-1024x683.jpg\" class=\"attachment-large size-large\" alt=\"\" srcset=\"https:\/\/www.upr.edu\/red-ici\/wp-content\/uploads\/sites\/66\/2017\/04\/IMG_3966-1024x683.jpg 1024w, https:\/\/www.upr.edu\/red-ici\/wp-content\/uploads\/sites\/66\/2017\/04\/IMG_3966-300x200.jpg 300w, https:\/\/www.upr.edu\/red-ici\/wp-content\/uploads\/sites\/66\/2017\/04\/IMG_3966-768x512.jpg 768w\" sizes=\"auto, (max-width: 1024px) 100vw, 1024px\" \/><\/a>\n\t\t\t\t<\/dt><\/dl><br style=\"clear: both\" \/><dl class='gallery-item'>\n\t\t\t\t<dt class='gallery-icon portrait'>\n\t\t\t\t\t<a class=\"rollover rollover-zoom dt-pswp-item\" title=\"IMG_3961-e1489413564110\" data-dt-img-description=\"\" data-large_image_width=\"3648\" data-large_image_height=\"5472\"href='https:\/\/www.upr.edu\/red-ici\/wp-content\/uploads\/sites\/66\/2017\/04\/IMG_3961-e1489413564110.jpg'><img loading=\"lazy\" decoding=\"async\" width=\"683\" height=\"1024\" src=\"https:\/\/www.upr.edu\/red-ici\/wp-content\/uploads\/sites\/66\/2017\/04\/IMG_3961-e1489413564110-683x1024.jpg\" class=\"attachment-large size-large\" alt=\"\" srcset=\"https:\/\/www.upr.edu\/red-ici\/wp-content\/uploads\/sites\/66\/2017\/04\/IMG_3961-e1489413564110-683x1024.jpg 683w, https:\/\/www.upr.edu\/red-ici\/wp-content\/uploads\/sites\/66\/2017\/04\/IMG_3961-e1489413564110-200x300.jpg 200w, https:\/\/www.upr.edu\/red-ici\/wp-content\/uploads\/sites\/66\/2017\/04\/IMG_3961-e1489413564110-768x1152.jpg 768w\" sizes=\"auto, (max-width: 683px) 100vw, 683px\" \/><\/a>\n\t\t\t\t<\/dt><\/dl><dl class='gallery-item'>\n\t\t\t\t<dt class='gallery-icon landscape'>\n\t\t\t\t\t<a class=\"rollover rollover-zoom dt-pswp-item\" title=\"IMG_3955\" data-dt-img-description=\"\" data-large_image_width=\"5472\" data-large_image_height=\"3648\"href='https:\/\/www.upr.edu\/red-ici\/wp-content\/uploads\/sites\/66\/2017\/04\/IMG_3955.jpg'><img loading=\"lazy\" decoding=\"async\" width=\"1024\" height=\"683\" src=\"https:\/\/www.upr.edu\/red-ici\/wp-content\/uploads\/sites\/66\/2017\/04\/IMG_3955-1024x683.jpg\" class=\"attachment-large size-large\" alt=\"\" srcset=\"https:\/\/www.upr.edu\/red-ici\/wp-content\/uploads\/sites\/66\/2017\/04\/IMG_3955-1024x683.jpg 1024w, https:\/\/www.upr.edu\/red-ici\/wp-content\/uploads\/sites\/66\/2017\/04\/IMG_3955-300x200.jpg 300w, https:\/\/www.upr.edu\/red-ici\/wp-content\/uploads\/sites\/66\/2017\/04\/IMG_3955-768x512.jpg 768w\" sizes=\"auto, (max-width: 1024px) 100vw, 1024px\" \/><\/a>\n\t\t\t\t<\/dt><\/dl><br style=\"clear: both\" \/>\n\t\t\t<\/div>\n\n","protected":false},"excerpt":{"rendered":"<p>El viernes, 20 de septiembre de 2013, la Comunidad se reuni\u00f3 en la Biblioteca de Derecho de la Universidad de Puerto Rico, Recinto de R\u00edo Piedras, para conocer sus colecciones especiales. El Sr. Jos\u00e9 Morales Cardona, Archivero a cargo de las colecciones especiales, nos ofreci\u00f3 una presentaci\u00f3n y nos dio un recorrido por estas colecciones.&hellip;<\/p>\n","protected":false},"author":95,"featured_media":601,"comment_status":"open","ping_status":"open","sticky":false,"template":"","format":"standard","meta":{"_themeisle_gutenberg_block_has_review":false,"footnotes":""},"categories":[5],"tags":[],"class_list":["post-597","post","type-post","status-publish","format-standard","has-post-thumbnail","hentry","category-cpdcc","category-5","description-off"],"_links":{"self":[{"href":"https:\/\/www.upr.edu\/red-ici\/index.php?rest_route=\/wp\/v2\/posts\/597","targetHints":{"allow":["GET"]}}],"collection":[{"href":"https:\/\/www.upr.edu\/red-ici\/index.php?rest_route=\/wp\/v2\/posts"}],"about":[{"href":"https:\/\/www.upr.edu\/red-ici\/index.php?rest_route=\/wp\/v2\/types\/post"}],"author":[{"embeddable":true,"href":"https:\/\/www.upr.edu\/red-ici\/index.php?rest_route=\/wp\/v2\/users\/95"}],"replies":[{"embeddable":true,"href":"https:\/\/www.upr.edu\/red-ici\/index.php?rest_route=%2Fwp%2Fv2%2Fcomments&post=597"}],"version-history":[{"count":1,"href":"https:\/\/www.upr.edu\/red-ici\/index.php?rest_route=\/wp\/v2\/posts\/597\/revisions"}],"predecessor-version":[{"id":602,"href":"https:\/\/www.upr.edu\/red-ici\/index.php?rest_route=\/wp\/v2\/posts\/597\/revisions\/602"}],"wp:featuredmedia":[{"embeddable":true,"href":"https:\/\/www.upr.edu\/red-ici\/index.php?rest_route=\/wp\/v2\/media\/601"}],"wp:attachment":[{"href":"https:\/\/www.upr.edu\/red-ici\/index.php?rest_route=%2Fwp%2Fv2%2Fmedia&parent=597"}],"wp:term":[{"taxonomy":"category","embeddable":true,"href":"https:\/\/www.upr.edu\/red-ici\/index.php?rest_route=%2Fwp%2Fv2%2Fcategories&post=597"},{"taxonomy":"post_tag","embeddable":true,"href":"https:\/\/www.upr.edu\/red-ici\/index.php?rest_route=%2Fwp%2Fv2%2Ftags&post=597"}],"curies":[{"name":"wp","href":"https:\/\/api.w.org\/{rel}","templated":true}]}}