{"id":655178,"date":"2026-09-04T13:11:48","date_gmt":"2026-09-04T17:11:48","guid":{"rendered":"https:\/\/www.upr.edu\/?p=655178"},"modified":"2026-09-04T13:11:48","modified_gmt":"2026-09-04T17:11:48","slug":"coro-de-la-upr-de-aguadilla-representara-a-puerto-rico-en-prestigiosa-competencia-coral-en-barcelona","status":"publish","type":"post","link":"https:\/\/www.upr.edu\/en\/coro-de-la-upr-de-aguadilla-representara-a-puerto-rico-en-prestigiosa-competencia-coral-en-barcelona\/","title":{"rendered":"Coro de la UPR de Aguadilla representar\u00e1 a Puerto Rico en prestigiosa competencia coral en Barcelona"},"content":{"rendered":"<div class=\"fusion-fullwidth fullwidth-box fusion-builder-row-1 fusion-flex-container has-pattern-background has-mask-background nonhundred-percent-fullwidth non-hundred-percent-height-scrolling\" style=\"--awb-border-radius-top-left:0px;--awb-border-radius-top-right:0px;--awb-border-radius-bottom-right:0px;--awb-border-radius-bottom-left:0px;--awb-flex-wrap:wrap;\" ><div class=\"fusion-builder-row fusion-row fusion-flex-align-items-flex-start fusion-flex-content-wrap\" style=\"max-width:1248px;margin-left: calc(-4% \/ 2 );margin-right: calc(-4% \/ 2 );\"><div class=\"fusion-layout-column fusion_builder_column fusion-builder-column-0 fusion_builder_column_1_1 1_1 fusion-flex-column\" style=\"--awb-bg-size:cover;--awb-width-large:100%;--awb-margin-top-large:0px;--awb-spacing-right-large:1.92%;--awb-margin-bottom-large:20px;--awb-spacing-left-large:1.92%;--awb-width-medium:100%;--awb-order-medium:0;--awb-spacing-right-medium:1.92%;--awb-spacing-left-medium:1.92%;--awb-width-small:100%;--awb-order-small:0;--awb-spacing-right-small:1.92%;--awb-spacing-left-small:1.92%;\"><div class=\"fusion-column-wrapper fusion-column-has-shadow fusion-flex-justify-content-flex-start fusion-content-layout-column\"><div class=\"fusion-text fusion-text-1\"><p><strong><a href=\"https:\/\/www.upr.edu\/wp-content\/uploads\/2026\/09\/CORO-PROMO-VERTICAL-2.jpg\"><img decoding=\"async\" class=\"lazyload alignleft size-medium wp-image-655177\" src=\"https:\/\/www.upr.edu\/wp-content\/uploads\/2026\/09\/CORO-PROMO-VERTICAL-2-240x300.jpg\" data-orig-src=\"https:\/\/www.upr.edu\/wp-content\/uploads\/2026\/09\/CORO-PROMO-VERTICAL-2-240x300.jpg\" alt=\"Afiche del evento Una voz, un destino del Coro de la UPR Aguadilla.\" width=\"240\" height=\"300\" srcset=\"data:image\/svg+xml,%3Csvg%20xmlns%3D%27http%3A%2F%2Fwww.w3.org%2F2000%2Fsvg%27%20width%3D%27240%27%20height%3D%27300%27%20viewBox%3D%270%200%20240%20300%27%3E%3Crect%20width%3D%27240%27%20height%3D%27300%27%20fill-opacity%3D%220%22%2F%3E%3C%2Fsvg%3E\" data-srcset=\"https:\/\/www.upr.edu\/wp-content\/uploads\/2026\/09\/CORO-PROMO-VERTICAL-2-10x12.jpg 10w, https:\/\/www.upr.edu\/wp-content\/uploads\/2026\/09\/CORO-PROMO-VERTICAL-2-200x250.jpg 200w, https:\/\/www.upr.edu\/wp-content\/uploads\/2026\/09\/CORO-PROMO-VERTICAL-2-240x300.jpg 240w, https:\/\/www.upr.edu\/wp-content\/uploads\/2026\/09\/CORO-PROMO-VERTICAL-2-400x500.jpg 400w, https:\/\/www.upr.edu\/wp-content\/uploads\/2026\/09\/CORO-PROMO-VERTICAL-2-600x750.jpg 600w, https:\/\/www.upr.edu\/wp-content\/uploads\/2026\/09\/CORO-PROMO-VERTICAL-2-768x960.jpg 768w, https:\/\/www.upr.edu\/wp-content\/uploads\/2026\/09\/CORO-PROMO-VERTICAL-2-800x1000.jpg 800w, https:\/\/www.upr.edu\/wp-content\/uploads\/2026\/09\/CORO-PROMO-VERTICAL-2-819x1024.jpg 819w, https:\/\/www.upr.edu\/wp-content\/uploads\/2026\/09\/CORO-PROMO-VERTICAL-2-1200x1500.jpg 1200w, https:\/\/www.upr.edu\/wp-content\/uploads\/2026\/09\/CORO-PROMO-VERTICAL-2-1229x1536.jpg 1229w, https:\/\/www.upr.edu\/wp-content\/uploads\/2026\/09\/CORO-PROMO-VERTICAL-2.jpg 1296w\" data-sizes=\"auto\" data-orig-sizes=\"(max-width: 240px) 100vw, 240px\" \/><\/a>Aguadilla, Puerto Rico (31 de agosto de 2026)<\/strong>&nbsp;\u2013 La Universidad de Puerto Rico en Aguadilla (UPR)&nbsp;<strong>anuncia con gran orgullo<\/strong>&nbsp;que el Coro del Departamento de Humanidades, representar\u00e1 a Puerto Rico en la competencia coral internacional&nbsp;<strong>\u201cSing for Gold\u201d<\/strong><strong>,<\/strong> organizada por INTERKULTUR, que se celebrar\u00e1 del&nbsp;<strong>22 al 26 de octubre de 2026<\/strong>&nbsp;en Barcelona y Calella en Espa\u00f1a. La agrupaci\u00f3n competir\u00e1 junto a&nbsp;<strong>36 coros de diversos pa\u00edses<\/strong>&nbsp;en las categor\u00edas de m\u00fasica sacra y m\u00fasica folcl\u00f3rica.<\/p>\n<p>Adem\u00e1s de esta presentaci\u00f3n, el Coro de la UPR de Aguadilla, ha sido seleccionado entre&nbsp;<strong>36 agrupaciones <\/strong><strong>internacionales<\/strong>&nbsp;para presentarse en la prestigiosa&nbsp;<strong>Cripta de la Sagrada Familia<\/strong>, en Barcelona, Espa\u00f1a, el s\u00e1bado, <strong>23 de octubre de 2026<\/strong>. Esta importante distinci\u00f3n representa un reconocimiento al talento art\u00edstico, la preparaci\u00f3n y el compromiso de sus estudiantes y profesores.<\/p>\n<p>Un total de&nbsp;<strong>32 integrantes<\/strong>&nbsp;formar\u00e1n parte de esta delegaci\u00f3n, quienes tendr\u00e1n la oportunidad de representar a Puerto Rico y a la Universidad de Puerto Rico en Aguadilla junto a su Director el Dr. Javier Flores Irizarry, Profesor del Departamento de Humanidades. Para apoyar los gastos relacionados con el viaje, vestimenta y otras necesidades esenciales de los estudiantes, la instituci\u00f3n llevar\u00e1 a cabo los dias 24 y 26 de septiembre, en el Anfiteatro Carlos Ruiz Mart\u00ednez, (A-100) de la Universidad de Puerto Rico en Aguadilla, el concierto <strong>\u201cUna Voz, Un Destino\u201d<\/strong><strong>,<\/strong> cuyos recaudos estar\u00e1n destinados a contribuir a esta experiencia internacional.<\/p>\n<p>La rectora interina de la Universidad de Puerto Rico en Aguadilla,&nbsp;<strong>Arq. Wilma L. Santiago <\/strong><strong>Gabrielini<\/strong>, destac\u00f3 el orgullo que representa este logro para la comunidad universitaria. \u201cSin duda, es un orgullo para nuestra instituci\u00f3n que nuestros estudiantes hayan sido seleccionados entre 36 coros para presentarse en la Cripta de la Sagrada Familia. El compromiso de nuestros profesores y el talento de nuestros estudiantes se sienten. Para m\u00ed es un honor y un orgullo verlos alcanzar cada logro\u201d, expres\u00f3.<\/p>\n<p><a href=\"https:\/\/www.upr.edu\/wp-content\/uploads\/2026\/09\/FOTO-DEL-CORO-UPRAG.jpg\"><img decoding=\"async\" class=\"lazyload alignleft size-medium wp-image-655176\" src=\"https:\/\/www.upr.edu\/wp-content\/uploads\/2026\/09\/FOTO-DEL-CORO-UPRAG-300x113.jpg\" data-orig-src=\"https:\/\/www.upr.edu\/wp-content\/uploads\/2026\/09\/FOTO-DEL-CORO-UPRAG-300x113.jpg\" alt=\"Foto del coro de la UPR en Aguadilla\" width=\"300\" height=\"113\" srcset=\"data:image\/svg+xml,%3Csvg%20xmlns%3D%27http%3A%2F%2Fwww.w3.org%2F2000%2Fsvg%27%20width%3D%27300%27%20height%3D%27113%27%20viewBox%3D%270%200%20300%20113%27%3E%3Crect%20width%3D%27300%27%20height%3D%27113%27%20fill-opacity%3D%220%22%2F%3E%3C%2Fsvg%3E\" data-srcset=\"https:\/\/www.upr.edu\/wp-content\/uploads\/2026\/09\/FOTO-DEL-CORO-UPRAG-18x7.jpg 18w, https:\/\/www.upr.edu\/wp-content\/uploads\/2026\/09\/FOTO-DEL-CORO-UPRAG-200x75.jpg 200w, https:\/\/www.upr.edu\/wp-content\/uploads\/2026\/09\/FOTO-DEL-CORO-UPRAG-300x113.jpg 300w, https:\/\/www.upr.edu\/wp-content\/uploads\/2026\/09\/FOTO-DEL-CORO-UPRAG-400x151.jpg 400w, https:\/\/www.upr.edu\/wp-content\/uploads\/2026\/09\/FOTO-DEL-CORO-UPRAG-600x226.jpg 600w, https:\/\/www.upr.edu\/wp-content\/uploads\/2026\/09\/FOTO-DEL-CORO-UPRAG-768x290.jpg 768w, https:\/\/www.upr.edu\/wp-content\/uploads\/2026\/09\/FOTO-DEL-CORO-UPRAG-800x302.jpg 800w, https:\/\/www.upr.edu\/wp-content\/uploads\/2026\/09\/FOTO-DEL-CORO-UPRAG-1024x386.jpg 1024w, https:\/\/www.upr.edu\/wp-content\/uploads\/2026\/09\/FOTO-DEL-CORO-UPRAG-1200x452.jpg 1200w, https:\/\/www.upr.edu\/wp-content\/uploads\/2026\/09\/FOTO-DEL-CORO-UPRAG-1536x579.jpg 1536w\" data-sizes=\"auto\" data-orig-sizes=\"(max-width: 300px) 100vw, 300px\" \/><\/a>Por su parte, el director del Coro,&nbsp;<strong>Dr. Javier Flores Irizarry<\/strong>, resalt\u00f3 el significado de esta oportunidad para sus integrantes. \u201cEs un honor para el coro participar en la Cripta de la Sagrada Familia. Nos llena de orgullo y alegr\u00eda poder ofrecer oportunidades de crecimiento a nuestros estudiantes y continuar desarroll\u00e1ndonos junto a ellos\u201d, manifest\u00f3.<\/p>\n<p>La presidenta de la Universidad de Puerto Rico,&nbsp;<strong>Dra. Zayira Jord\u00e1n Conde<\/strong>, resalt\u00f3 la importancia de que el talento universitario trascienda fronteras y represente a Puerto Rico en escenarios de reconocimiento internacional. \u201cLa participaci\u00f3n del Coro de la Universidad de Puerto Rico en Aguadilla, en escenarios de esta magnitud demuestra la calidad, disciplina y talento que existe en nuestra Universidad de Puerto Rico. Estos j\u00f3venes no solo llevan consigo su preparaci\u00f3n art\u00edstica, sino tambi\u00e9n el orgullo de representar a Puerto Rico y a nuestra instituci\u00f3n ante el mundo. Como Universidad, continuaremos respaldando iniciativas que permitan a nuestros estudiantes crecer, desarrollarse y alcanzar nuevas metas\u201d, expres\u00f3.<\/p>\n<p>La Universidad de Puerto Rico en Aguadilla, invita a la comunidad universitaria y al p\u00fablico en general a apoyar esta iniciativa y a unirse al esfuerzo para que los integrantes del Coro puedan hacer realidad esta importante experiencia internacional.<\/p>\n<p>Con esta participaci\u00f3n, la Universidad de Puerto Rico reafirma su compromiso con el desarrollo integral de sus estudiantes, la promoci\u00f3n de las artes y la creaci\u00f3n de oportunidades que permitan a su comunidad universitaria representar con orgullo a Puerto Rico en escenarios internacionales.<\/p>\n<\/div><\/div><\/div><\/div><\/div>","protected":false},"excerpt":{"rendered":"Aguadilla, Puerto Rico (31 de agosto de 2026)&nbsp;\u2013 La Universidad  [...]","protected":false},"author":237,"featured_media":655175,"comment_status":"closed","ping_status":"open","sticky":false,"template":"","format":"standard","meta":{"_themeisle_gutenberg_block_has_review":false,"footnotes":""},"categories":[131],"tags":[],"class_list":["post-655178","post","type-post","status-publish","format-standard","has-post-thumbnail","hentry","category-eventos"],"_links":{"self":[{"href":"https:\/\/www.upr.edu\/en\/wp-json\/wp\/v2\/posts\/655178","targetHints":{"allow":["GET"]}}],"collection":[{"href":"https:\/\/www.upr.edu\/en\/wp-json\/wp\/v2\/posts"}],"about":[{"href":"https:\/\/www.upr.edu\/en\/wp-json\/wp\/v2\/types\/post"}],"author":[{"embeddable":true,"href":"https:\/\/www.upr.edu\/en\/wp-json\/wp\/v2\/users\/237"}],"replies":[{"embeddable":true,"href":"https:\/\/www.upr.edu\/en\/wp-json\/wp\/v2\/comments?post=655178"}],"version-history":[{"count":1,"href":"https:\/\/www.upr.edu\/en\/wp-json\/wp\/v2\/posts\/655178\/revisions"}],"predecessor-version":[{"id":655179,"href":"https:\/\/www.upr.edu\/en\/wp-json\/wp\/v2\/posts\/655178\/revisions\/655179"}],"wp:featuredmedia":[{"embeddable":true,"href":"https:\/\/www.upr.edu\/en\/wp-json\/wp\/v2\/media\/655175"}],"wp:attachment":[{"href":"https:\/\/www.upr.edu\/en\/wp-json\/wp\/v2\/media?parent=655178"}],"wp:term":[{"taxonomy":"category","embeddable":true,"href":"https:\/\/www.upr.edu\/en\/wp-json\/wp\/v2\/categories?post=655178"},{"taxonomy":"post_tag","embeddable":true,"href":"https:\/\/www.upr.edu\/en\/wp-json\/wp\/v2\/tags?post=655178"}],"curies":[{"name":"wp","href":"https:\/\/api.w.org\/{rel}","templated":true}]}}