{"id":655173,"date":"2026-09-04T12:59:00","date_gmt":"2026-09-04T16:59:00","guid":{"rendered":"https:\/\/www.upr.edu\/?p=655173"},"modified":"2026-09-04T12:59:00","modified_gmt":"2026-09-04T16:59:00","slug":"talleres-de-arte-gratis-para-toda-la-familia","status":"publish","type":"post","link":"https:\/\/www.upr.edu\/en\/talleres-de-arte-gratis-para-toda-la-familia\/","title":{"rendered":"Talleres de arte gratis para toda la familia"},"content":{"rendered":"<div class=\"fusion-fullwidth fullwidth-box fusion-builder-row-1 fusion-flex-container has-pattern-background has-mask-background nonhundred-percent-fullwidth non-hundred-percent-height-scrolling\" style=\"--awb-border-radius-top-left:0px;--awb-border-radius-top-right:0px;--awb-border-radius-bottom-right:0px;--awb-border-radius-bottom-left:0px;--awb-flex-wrap:wrap;\" ><div class=\"fusion-builder-row fusion-row fusion-flex-align-items-flex-start fusion-flex-content-wrap\" style=\"max-width:1248px;margin-left: calc(-4% \/ 2 );margin-right: calc(-4% \/ 2 );\"><div class=\"fusion-layout-column fusion_builder_column fusion-builder-column-0 fusion_builder_column_1_1 1_1 fusion-flex-column\" style=\"--awb-bg-size:cover;--awb-width-large:100%;--awb-margin-top-large:0px;--awb-spacing-right-large:1.92%;--awb-margin-bottom-large:20px;--awb-spacing-left-large:1.92%;--awb-width-medium:100%;--awb-order-medium:0;--awb-spacing-right-medium:1.92%;--awb-spacing-left-medium:1.92%;--awb-width-small:100%;--awb-order-small:0;--awb-spacing-right-small:1.92%;--awb-spacing-left-small:1.92%;\"><div class=\"fusion-column-wrapper fusion-column-has-shadow fusion-flex-justify-content-flex-start fusion-content-layout-column\"><div class=\"fusion-text fusion-text-1\"><p><em>* <\/em><em>Nueva temporada de S\u00e1bados de Taller en el Museo de Historia, Antropolog\u00eda y Arte de la UPR<\/em><\/p>\n<p><em>* La serie comienza este s\u00e1bado 5 y culmina 26 en horario de 10am a 12:30pm<\/em><\/p>\n<p>&nbsp;<\/p>\n<p><a href=\"https:\/\/www.upr.edu\/wp-content\/uploads\/2026\/09\/Museo-UPR-Foto-Cristhiane-Cruz-resize.jpg\"><img decoding=\"async\" class=\"lazyload alignleft size-medium wp-image-655170\" src=\"https:\/\/www.upr.edu\/wp-content\/uploads\/2026\/09\/Museo-UPR-Foto-Cristhiane-Cruz-resize-300x200.jpg\" data-orig-src=\"https:\/\/www.upr.edu\/wp-content\/uploads\/2026\/09\/Museo-UPR-Foto-Cristhiane-Cruz-resize-300x200.jpg\" alt=\"Dos estudiantes caminando frente a la Fachada del Museo de la UPR R\u00edo Piedras\" width=\"300\" height=\"200\" srcset=\"data:image\/svg+xml,%3Csvg%20xmlns%3D%27http%3A%2F%2Fwww.w3.org%2F2000%2Fsvg%27%20width%3D%27300%27%20height%3D%27200%27%20viewBox%3D%270%200%20300%20200%27%3E%3Crect%20width%3D%27300%27%20height%3D%27200%27%20fill-opacity%3D%220%22%2F%3E%3C%2Fsvg%3E\" data-srcset=\"https:\/\/www.upr.edu\/wp-content\/uploads\/2026\/09\/Museo-UPR-Foto-Cristhiane-Cruz-resize-18x12.jpg 18w, https:\/\/www.upr.edu\/wp-content\/uploads\/2026\/09\/Museo-UPR-Foto-Cristhiane-Cruz-resize-200x133.jpg 200w, https:\/\/www.upr.edu\/wp-content\/uploads\/2026\/09\/Museo-UPR-Foto-Cristhiane-Cruz-resize-300x200.jpg 300w, https:\/\/www.upr.edu\/wp-content\/uploads\/2026\/09\/Museo-UPR-Foto-Cristhiane-Cruz-resize-400x267.jpg 400w, https:\/\/www.upr.edu\/wp-content\/uploads\/2026\/09\/Museo-UPR-Foto-Cristhiane-Cruz-resize-600x400.jpg 600w, https:\/\/www.upr.edu\/wp-content\/uploads\/2026\/09\/Museo-UPR-Foto-Cristhiane-Cruz-resize.jpg 717w\" data-sizes=\"auto\" data-orig-sizes=\"(max-width: 300px) 100vw, 300px\" \/><\/a>El Museo de Historia, Antropolog\u00eda y Arte de la Universidad de Puerto Rico con sede en el Recinto de R\u00edo Piedras, invita al p\u00fablico a participar de <em>S\u00e1bados de Taller<\/em>, una serie de arte para la comunidad, que se llevar\u00e1n a cabo en septiembre, como parte de la programaci\u00f3n educativa relacionada con la exposici\u00f3n <em>Ecos del Tiempo: Pinturas de la colecci\u00f3n<\/em>.<\/p>\n<p>Los talleres ser\u00e1n ofrecidos por la artista educadora Olga Charneco L\u00f3pez, y est\u00e1n dise\u00f1ados para explorar diversas t\u00e9cnicas y materiales de arte y los pueden tomar personas de 7 a\u00f1os hasta adultos. Dichos talleres tendr\u00e1n un cupo de 16 participantes por orden de llegada y se ofrecer\u00e1n en el patio interior, sala de exposiciones o en los alrededores del museo. El horario de las sesiones ser\u00e1 de 10:00 a.m. a 12:30 p.m.<strong>&nbsp;<\/strong><\/p>\n<p>El calendario iniciar\u00e1 con <strong>Teor\u00eda del color<\/strong>, donde se realizar\u00e1n ejercicios para explorar colores y tonos, creando como resultado una obra basada en la obra <em>\u00c1rbol blanco<\/em> de Jos\u00e9 Antonio Torres Martin\u00f3 (5 de septiembre) y continuar\u00e1 con <strong>Pintura monocrom\u00e1tica<\/strong>, que usar\u00e1 como referencia <em>Paisaje<\/em> de Jos\u00e9 L\u00f3pez de Victoria, que explora tonos, transparencias y saturaciones de un mismo color (12 de septiembre).<\/p>\n<p>Cierran la serie dos talleres de dibujo a mano alzada, a saber, <strong>Dibujo de l\u00ednea <\/strong>continua, donde los participantes crear\u00e1n una pieza \u00fanica a partir de un detalle de un cuadro, utilizando pintura acr\u00edlica e imaginaci\u00f3n, pintando secuencias continuas de l\u00edneas y formas (19 de septiembre) y <strong>Dibujo al aire libre<\/strong>, en el cual -bajo la sombra de los \u00e1rboles en la Placita Hostos- har\u00e1n bocetos r\u00e1pidos con plumillas de fieltro para dibujar el entorno y luego se aplicar\u00e1 color con acuarela (26 de septiembre).<\/p>\n<p>La entrada es libre de costo, pero se sugiere un donativo de $5 por persona. Los participantes se podr\u00e1n estacionar detr\u00e1s del museo, justo al lado de la Biblioteca Jos\u00e9 M. L\u00e1zaro. Estos talleres son posibles gracias a los donativos recaudados durante la campa\u00f1a de Giving Tuesday de 2025. La programaci\u00f3n est\u00e1 sujeta a cambios sin previo aviso.<\/p>\n<p>Para m\u00e1s informaci\u00f3n puede comunicarse con la Oficina de Educaci\u00f3n al 787-764-0000, extensiones 83086 y 83096.<\/p>\n<\/div><\/div><\/div><\/div><\/div>","protected":false},"excerpt":{"rendered":"* Nueva temporada de S\u00e1bados de Taller en el Museo  [...]","protected":false},"author":237,"featured_media":655171,"comment_status":"closed","ping_status":"open","sticky":false,"template":"","format":"standard","meta":{"_themeisle_gutenberg_block_has_review":false,"footnotes":""},"categories":[131],"tags":[],"class_list":["post-655173","post","type-post","status-publish","format-standard","has-post-thumbnail","hentry","category-eventos"],"_links":{"self":[{"href":"https:\/\/www.upr.edu\/en\/wp-json\/wp\/v2\/posts\/655173","targetHints":{"allow":["GET"]}}],"collection":[{"href":"https:\/\/www.upr.edu\/en\/wp-json\/wp\/v2\/posts"}],"about":[{"href":"https:\/\/www.upr.edu\/en\/wp-json\/wp\/v2\/types\/post"}],"author":[{"embeddable":true,"href":"https:\/\/www.upr.edu\/en\/wp-json\/wp\/v2\/users\/237"}],"replies":[{"embeddable":true,"href":"https:\/\/www.upr.edu\/en\/wp-json\/wp\/v2\/comments?post=655173"}],"version-history":[{"count":1,"href":"https:\/\/www.upr.edu\/en\/wp-json\/wp\/v2\/posts\/655173\/revisions"}],"predecessor-version":[{"id":655174,"href":"https:\/\/www.upr.edu\/en\/wp-json\/wp\/v2\/posts\/655173\/revisions\/655174"}],"wp:featuredmedia":[{"embeddable":true,"href":"https:\/\/www.upr.edu\/en\/wp-json\/wp\/v2\/media\/655171"}],"wp:attachment":[{"href":"https:\/\/www.upr.edu\/en\/wp-json\/wp\/v2\/media?parent=655173"}],"wp:term":[{"taxonomy":"category","embeddable":true,"href":"https:\/\/www.upr.edu\/en\/wp-json\/wp\/v2\/categories?post=655173"},{"taxonomy":"post_tag","embeddable":true,"href":"https:\/\/www.upr.edu\/en\/wp-json\/wp\/v2\/tags?post=655173"}],"curies":[{"name":"wp","href":"https:\/\/api.w.org\/{rel}","templated":true}]}}