{"id":655167,"date":"2026-09-04T07:18:26","date_gmt":"2026-09-04T11:18:26","guid":{"rendered":"https:\/\/www.upr.edu\/?p=655167"},"modified":"2026-09-04T07:18:26","modified_gmt":"2026-09-04T11:18:26","slug":"upr-recinto-de-rio-piedras-celebra-el-legado-de-la-mujer-en-el-deporte-con-la-tercera-edicion-del-5k-vamos-por-la-iupi","status":"publish","type":"post","link":"https:\/\/www.upr.edu\/en\/upr-recinto-de-rio-piedras-celebra-el-legado-de-la-mujer-en-el-deporte-con-la-tercera-edicion-del-5k-vamos-por-la-iupi\/","title":{"rendered":"UPR Recinto de R\u00edo Piedras celebra el legado de la mujer en el deporte con la tercera edici\u00f3n del 5K \u201cVamos por la IUPI\u201d"},"content":{"rendered":"<div class=\"fusion-fullwidth fullwidth-box fusion-builder-row-1 fusion-flex-container has-pattern-background has-mask-background nonhundred-percent-fullwidth non-hundred-percent-height-scrolling\" style=\"--awb-border-radius-top-left:0px;--awb-border-radius-top-right:0px;--awb-border-radius-bottom-right:0px;--awb-border-radius-bottom-left:0px;--awb-flex-wrap:wrap;\" ><div class=\"fusion-builder-row fusion-row fusion-flex-align-items-flex-start fusion-flex-content-wrap\" style=\"max-width:1248px;margin-left: calc(-4% \/ 2 );margin-right: calc(-4% \/ 2 );\"><div class=\"fusion-layout-column fusion_builder_column fusion-builder-column-0 fusion_builder_column_1_1 1_1 fusion-flex-column\" style=\"--awb-bg-size:cover;--awb-width-large:100%;--awb-margin-top-large:0px;--awb-spacing-right-large:1.92%;--awb-margin-bottom-large:20px;--awb-spacing-left-large:1.92%;--awb-width-medium:100%;--awb-order-medium:0;--awb-spacing-right-medium:1.92%;--awb-spacing-left-medium:1.92%;--awb-width-small:100%;--awb-order-small:0;--awb-spacing-right-small:1.92%;--awb-spacing-left-small:1.92%;\"><div class=\"fusion-column-wrapper fusion-column-has-shadow fusion-flex-justify-content-flex-start fusion-content-layout-column\"><div class=\"fusion-text fusion-text-1\"><p><em>El evento, dedicado a las destacadas exatletas Gretchen Gotay Cordero y Carmen Aguayo Calder\u00f3n, recaudar\u00e1 fondos para apoyar a los estudiantes atletas del recinto<\/em><\/p>\n<p>&nbsp;<\/p>\n<p><a href=\"https:\/\/www.upr.edu\/wp-content\/uploads\/2026\/09\/UPRRP-5K-2025-3.jpg\"><img decoding=\"async\" class=\"lazyload alignleft size-medium wp-image-655166\" src=\"https:\/\/www.upr.edu\/wp-content\/uploads\/2026\/09\/UPRRP-5K-2025-3-300x200.jpg\" data-orig-src=\"https:\/\/www.upr.edu\/wp-content\/uploads\/2026\/09\/UPRRP-5K-2025-3-300x200.jpg\" alt=\"Maratonistas del 5K del 2025 corriendo sobre el pavimento. \" width=\"300\" height=\"200\" srcset=\"data:image\/svg+xml,%3Csvg%20xmlns%3D%27http%3A%2F%2Fwww.w3.org%2F2000%2Fsvg%27%20width%3D%27300%27%20height%3D%27200%27%20viewBox%3D%270%200%20300%20200%27%3E%3Crect%20width%3D%27300%27%20height%3D%27200%27%20fill-opacity%3D%220%22%2F%3E%3C%2Fsvg%3E\" data-srcset=\"https:\/\/www.upr.edu\/wp-content\/uploads\/2026\/09\/UPRRP-5K-2025-3-18x12.jpg 18w, https:\/\/www.upr.edu\/wp-content\/uploads\/2026\/09\/UPRRP-5K-2025-3-200x133.jpg 200w, https:\/\/www.upr.edu\/wp-content\/uploads\/2026\/09\/UPRRP-5K-2025-3-300x200.jpg 300w, https:\/\/www.upr.edu\/wp-content\/uploads\/2026\/09\/UPRRP-5K-2025-3-400x267.jpg 400w, https:\/\/www.upr.edu\/wp-content\/uploads\/2026\/09\/UPRRP-5K-2025-3-600x400.jpg 600w, https:\/\/www.upr.edu\/wp-content\/uploads\/2026\/09\/UPRRP-5K-2025-3-768x512.jpg 768w, https:\/\/www.upr.edu\/wp-content\/uploads\/2026\/09\/UPRRP-5K-2025-3-800x533.jpg 800w, https:\/\/www.upr.edu\/wp-content\/uploads\/2026\/09\/UPRRP-5K-2025-3-1024x683.jpg 1024w, https:\/\/www.upr.edu\/wp-content\/uploads\/2026\/09\/UPRRP-5K-2025-3-1200x800.jpg 1200w, https:\/\/www.upr.edu\/wp-content\/uploads\/2026\/09\/UPRRP-5K-2025-3.jpg 1500w\" data-sizes=\"auto\" data-orig-sizes=\"(max-width: 300px) 100vw, 300px\" \/><\/a>La Universidad de Puerto Rico, Recinto de R\u00edo Piedras (UPRRP), anunci\u00f3 la celebraci\u00f3n de la tercera edici\u00f3n del 5K \u201cVamos por la IUPI\u201d, que se llevar\u00e1 a cabo el domingo, 15 de noviembre de 2026, a las 4:30 p. m., con el prop\u00f3sito de recaudar fondos para apoyar la gesti\u00f3n atl\u00e9tica y contribuir a aliviar la carga econ\u00f3mica de los estudiantes atletas.<\/p>\n<p>El evento busca, adem\u00e1s, reconocer el m\u00e9rito y la trayectoria en las distintas disciplinas deportivas, al tiempo que promueve la salud, el bienestar y la integraci\u00f3n de la comunidad universitaria con el p\u00fablico general.<\/p>\n<p>\u201cEl 5K Vamos por la IUPI representa mucho m\u00e1s que una actividad deportiva; es una oportunidad para unir a nuestra comunidad universitaria, nuestros egresados y al p\u00fablico en general en apoyo a nuestros estudiantes atletas Con este evento reafirmamos nuestro compromiso con el deporte universitario y con quienes representan con orgullo los colores rojo y blanco de nuestro Recinto. Este a\u00f1o, adem\u00e1s, destacamos y honramos el legado de la mujer en el deporte, reconociendo la trayectoria de dos mujeres que, con su talento, perseverancia y disciplina son referentes para las nuevas generaciones\u201d, expres\u00f3 la rectora interina del Recinto de R\u00edo Piedras, doctora Mayra B. Charriez Cordero.<\/p>\n<p>&nbsp;<\/p>\n<p><strong><a href=\"https:\/\/www.upr.edu\/wp-content\/uploads\/2026\/09\/UPRRP-5K-2025-1.jpg\"><img decoding=\"async\" class=\"lazyload alignleft size-medium wp-image-655164\" src=\"https:\/\/www.upr.edu\/wp-content\/uploads\/2026\/09\/UPRRP-5K-2025-1-300x200.jpg\" data-orig-src=\"https:\/\/www.upr.edu\/wp-content\/uploads\/2026\/09\/UPRRP-5K-2025-1-300x200.jpg\" alt=\"Maratonista del 5K del 2025 saludando \" width=\"300\" height=\"200\" srcset=\"data:image\/svg+xml,%3Csvg%20xmlns%3D%27http%3A%2F%2Fwww.w3.org%2F2000%2Fsvg%27%20width%3D%27300%27%20height%3D%27200%27%20viewBox%3D%270%200%20300%20200%27%3E%3Crect%20width%3D%27300%27%20height%3D%27200%27%20fill-opacity%3D%220%22%2F%3E%3C%2Fsvg%3E\" data-srcset=\"https:\/\/www.upr.edu\/wp-content\/uploads\/2026\/09\/UPRRP-5K-2025-1-18x12.jpg 18w, https:\/\/www.upr.edu\/wp-content\/uploads\/2026\/09\/UPRRP-5K-2025-1-200x133.jpg 200w, https:\/\/www.upr.edu\/wp-content\/uploads\/2026\/09\/UPRRP-5K-2025-1-300x200.jpg 300w, https:\/\/www.upr.edu\/wp-content\/uploads\/2026\/09\/UPRRP-5K-2025-1-400x267.jpg 400w, https:\/\/www.upr.edu\/wp-content\/uploads\/2026\/09\/UPRRP-5K-2025-1-600x400.jpg 600w, https:\/\/www.upr.edu\/wp-content\/uploads\/2026\/09\/UPRRP-5K-2025-1-768x513.jpg 768w, https:\/\/www.upr.edu\/wp-content\/uploads\/2026\/09\/UPRRP-5K-2025-1-800x534.jpg 800w, https:\/\/www.upr.edu\/wp-content\/uploads\/2026\/09\/UPRRP-5K-2025-1-1024x683.jpg 1024w, https:\/\/www.upr.edu\/wp-content\/uploads\/2026\/09\/UPRRP-5K-2025-1-1200x801.jpg 1200w, https:\/\/www.upr.edu\/wp-content\/uploads\/2026\/09\/UPRRP-5K-2025-1.jpg 1500w\" data-sizes=\"auto\" data-orig-sizes=\"(max-width: 300px) 100vw, 300px\" \/><\/a>Un homenaje al legado femenino en el deporte<\/strong><\/p>\n<p>En esta tercera edici\u00f3n se destacar\u00e1 la figura femenina en el deporte universitario, mediante un homenaje a dos distinguidas exalumnas del Recinto: la entrenadora de nataci\u00f3n y exatleta ol\u00edmpica Gretchen Gotay Cordero; y la exatleta de softball y pista y campo Carmen Aguayo Calder\u00f3n. Ambas son Ambas han sido exaltadas al Sal\u00f3n de la Fama del Deporte de R\u00edo Piedras.<\/p>\n<p>Sus trayectorias y aportaciones al deporte universitario han servido de inspiraci\u00f3n a generaciones de atletas dentro y fuera de la IUPI, convirti\u00e9ndolas en referentes del compromiso, la excelencia y la dedicaci\u00f3n deportiva.<\/p>\n<p>Como parte del homenaje, la medalla oficial de esta edici\u00f3n contar\u00e1 con un dise\u00f1o inspirado en la Jerezana, la mascota oficial femenina del Recinto de R\u00edo Piedras de la UPR.<\/p>\n<p>&nbsp;<\/p>\n<p><strong><a href=\"https:\/\/www.upr.edu\/wp-content\/uploads\/2026\/09\/UPRRP-5K-2025-2.jpg\"><img decoding=\"async\" class=\"lazyload alignleft size-medium wp-image-655165\" src=\"https:\/\/www.upr.edu\/wp-content\/uploads\/2026\/09\/UPRRP-5K-2025-2-300x200.jpg\" data-orig-src=\"https:\/\/www.upr.edu\/wp-content\/uploads\/2026\/09\/UPRRP-5K-2025-2-300x200.jpg\" alt=\"Maratonista del 5K saludando pulgar arriba.  Marat\u00f3n 5K del 2025\" width=\"300\" height=\"200\" srcset=\"data:image\/svg+xml,%3Csvg%20xmlns%3D%27http%3A%2F%2Fwww.w3.org%2F2000%2Fsvg%27%20width%3D%27300%27%20height%3D%27200%27%20viewBox%3D%270%200%20300%20200%27%3E%3Crect%20width%3D%27300%27%20height%3D%27200%27%20fill-opacity%3D%220%22%2F%3E%3C%2Fsvg%3E\" data-srcset=\"https:\/\/www.upr.edu\/wp-content\/uploads\/2026\/09\/UPRRP-5K-2025-2-18x12.jpg 18w, https:\/\/www.upr.edu\/wp-content\/uploads\/2026\/09\/UPRRP-5K-2025-2-200x133.jpg 200w, https:\/\/www.upr.edu\/wp-content\/uploads\/2026\/09\/UPRRP-5K-2025-2-300x200.jpg 300w, https:\/\/www.upr.edu\/wp-content\/uploads\/2026\/09\/UPRRP-5K-2025-2-400x267.jpg 400w, https:\/\/www.upr.edu\/wp-content\/uploads\/2026\/09\/UPRRP-5K-2025-2-600x400.jpg 600w, https:\/\/www.upr.edu\/wp-content\/uploads\/2026\/09\/UPRRP-5K-2025-2-768x512.jpg 768w, https:\/\/www.upr.edu\/wp-content\/uploads\/2026\/09\/UPRRP-5K-2025-2-800x533.jpg 800w, https:\/\/www.upr.edu\/wp-content\/uploads\/2026\/09\/UPRRP-5K-2025-2-1024x683.jpg 1024w, https:\/\/www.upr.edu\/wp-content\/uploads\/2026\/09\/UPRRP-5K-2025-2-1200x800.jpg 1200w, https:\/\/www.upr.edu\/wp-content\/uploads\/2026\/09\/UPRRP-5K-2025-2.jpg 1500w\" data-sizes=\"auto\" data-orig-sizes=\"(max-width: 300px) 100vw, 300px\" \/><\/a>Inscripciones <\/strong><\/p>\n<p>El 5K \u201cVamos por la IUPI\u201d es abierto al p\u00fablico general, y otorgar\u00e1 una medalla a los primeros 1,800 participantes que completen la ruta y crucen la meta. La tarifa de inscripci\u00f3n general temprana es de $40 por persona. El periodo de inscripci\u00f3n culminar\u00e1 el 31 de octubre de 2026.<\/p>\n<p>La carrera contar\u00e1 con siete categor\u00edas, con premios para los primeros tres lugares de cada categor\u00eda, adem\u00e1s de una categor\u00eda general, que otorgar\u00e1 premios a los primeros cinco lugares.<\/p>\n<p>Las personas interesadas en participar pueden obtener informaci\u00f3n adicional y completar su inscripci\u00f3n a trav\u00e9s del portal oficial del evento: <a href=\"https:\/\/5k.uprrp.edu\/?utm_source=chatgpt.com\">5K \u201cVamos por la IUPI\u201d<\/a>.<\/p>\n<p>Con esta iniciativa, el Recinto de R\u00edo Piedras reafirma su compromiso con el desarrollo del deporte universitario y el reconocimiento de quienes han contribuido al legado deportivo de esta instituci\u00f3n.<\/p>\n<p>&nbsp;<\/p>\n<p><strong><a href=\"https:\/\/www.upr.edu\/wp-content\/uploads\/2026\/09\/Gretchen-Gotay-Cordero.jpg\"><img decoding=\"async\" class=\"lazyload alignleft size-medium wp-image-655161\" src=\"https:\/\/www.upr.edu\/wp-content\/uploads\/2026\/09\/Gretchen-Gotay-Cordero-200x300.jpg\" data-orig-src=\"https:\/\/www.upr.edu\/wp-content\/uploads\/2026\/09\/Gretchen-Gotay-Cordero-200x300.jpg\" alt=\"Gretchen Gotay Cordero\" width=\"200\" height=\"300\" srcset=\"data:image\/svg+xml,%3Csvg%20xmlns%3D%27http%3A%2F%2Fwww.w3.org%2F2000%2Fsvg%27%20width%3D%27200%27%20height%3D%27300%27%20viewBox%3D%270%200%20200%20300%27%3E%3Crect%20width%3D%27200%27%20height%3D%27300%27%20fill-opacity%3D%220%22%2F%3E%3C%2Fsvg%3E\" data-srcset=\"https:\/\/www.upr.edu\/wp-content\/uploads\/2026\/09\/Gretchen-Gotay-Cordero-8x12.jpg 8w, https:\/\/www.upr.edu\/wp-content\/uploads\/2026\/09\/Gretchen-Gotay-Cordero-200x300.jpg 200w, https:\/\/www.upr.edu\/wp-content\/uploads\/2026\/09\/Gretchen-Gotay-Cordero-400x600.jpg 400w, https:\/\/www.upr.edu\/wp-content\/uploads\/2026\/09\/Gretchen-Gotay-Cordero-600x900.jpg 600w, https:\/\/www.upr.edu\/wp-content\/uploads\/2026\/09\/Gretchen-Gotay-Cordero-683x1024.jpg 683w, https:\/\/www.upr.edu\/wp-content\/uploads\/2026\/09\/Gretchen-Gotay-Cordero-768x1152.jpg 768w, https:\/\/www.upr.edu\/wp-content\/uploads\/2026\/09\/Gretchen-Gotay-Cordero-800x1200.jpg 800w, https:\/\/www.upr.edu\/wp-content\/uploads\/2026\/09\/Gretchen-Gotay-Cordero-1024x1536.jpg 1024w, https:\/\/www.upr.edu\/wp-content\/uploads\/2026\/09\/Gretchen-Gotay-Cordero-1200x1800.jpg 1200w, https:\/\/www.upr.edu\/wp-content\/uploads\/2026\/09\/Gretchen-Gotay-Cordero-1366x2048.jpg 1366w, https:\/\/www.upr.edu\/wp-content\/uploads\/2026\/09\/Gretchen-Gotay-Cordero.jpg 1449w\" data-sizes=\"auto\" data-orig-sizes=\"(max-width: 200px) 100vw, 200px\" \/><\/a>Gretchen Gotay Cordero<\/strong><\/p>\n<p>Naci\u00f3 el 14 de agosto de 1980.&nbsp; A los seis a\u00f1os descubri\u00f3 su pasi\u00f3n por la nataci\u00f3n. Inici\u00f3 sus entrenamientos en el Club Round Hill de R\u00edo Piedras bajo la direcci\u00f3n de Blanquita y F\u00e9lix P\u00e9rez, destac\u00e1ndose r\u00e1pidamente en competencias juveniles. Posteriormente, recibi\u00f3 una beca deportiva para estudiar en la Universidad de Puerto Rico, Recinto de R\u00edo Piedras, donde fue capitana del equipo de nataci\u00f3n y alcanz\u00f3 importantes logros.<\/p>\n<p>Represent\u00f3 a Puerto Rico en los Juegos Ol\u00edmpicos de Atenas 2004, particip\u00f3 en los Juegos Panamericanos de 1999 y 2003 y en la Copa del Mundo de Nataci\u00f3n de 2003. Adem\u00e1s, obtuvo medallas en los Juegos Centroamericanos y del Caribe de 1998, 2002 y 2006. En 2005 fue reconocida por el Comit\u00e9 Ol\u00edmpico de Puerto Rico como Atleta M\u00e1s Destacada. Actualmente, se desempe\u00f1a como entrenadora del equipo de nataci\u00f3n de la Universidad de Puerto Rico, Recinto de R\u00edo Piedras.<\/p>\n<p>&nbsp;<\/p>\n<p>&nbsp;<\/p>\n<p>&nbsp;<\/p>\n<p><strong><a href=\"https:\/\/www.upr.edu\/wp-content\/uploads\/2026\/09\/Carmen-Aguayo-Calderon.jpg\"><img decoding=\"async\" class=\"lazyload alignleft size-medium wp-image-655160\" src=\"https:\/\/www.upr.edu\/wp-content\/uploads\/2026\/09\/Carmen-Aguayo-Calderon-300x200.jpg\" data-orig-src=\"https:\/\/www.upr.edu\/wp-content\/uploads\/2026\/09\/Carmen-Aguayo-Calderon-300x200.jpg\" alt=\"Carmen Aguayo Calder\u00f3n\" width=\"300\" height=\"200\" srcset=\"data:image\/svg+xml,%3Csvg%20xmlns%3D%27http%3A%2F%2Fwww.w3.org%2F2000%2Fsvg%27%20width%3D%27300%27%20height%3D%27200%27%20viewBox%3D%270%200%20300%20200%27%3E%3Crect%20width%3D%27300%27%20height%3D%27200%27%20fill-opacity%3D%220%22%2F%3E%3C%2Fsvg%3E\" data-srcset=\"https:\/\/www.upr.edu\/wp-content\/uploads\/2026\/09\/Carmen-Aguayo-Calderon-18x12.jpg 18w, https:\/\/www.upr.edu\/wp-content\/uploads\/2026\/09\/Carmen-Aguayo-Calderon-200x134.jpg 200w, https:\/\/www.upr.edu\/wp-content\/uploads\/2026\/09\/Carmen-Aguayo-Calderon-300x200.jpg 300w, https:\/\/www.upr.edu\/wp-content\/uploads\/2026\/09\/Carmen-Aguayo-Calderon-400x267.jpg 400w, https:\/\/www.upr.edu\/wp-content\/uploads\/2026\/09\/Carmen-Aguayo-Calderon-600x401.jpg 600w, https:\/\/www.upr.edu\/wp-content\/uploads\/2026\/09\/Carmen-Aguayo-Calderon-768x513.jpg 768w, https:\/\/www.upr.edu\/wp-content\/uploads\/2026\/09\/Carmen-Aguayo-Calderon-800x535.jpg 800w, https:\/\/www.upr.edu\/wp-content\/uploads\/2026\/09\/Carmen-Aguayo-Calderon-1024x684.jpg 1024w, https:\/\/www.upr.edu\/wp-content\/uploads\/2026\/09\/Carmen-Aguayo-Calderon-1200x802.jpg 1200w, https:\/\/www.upr.edu\/wp-content\/uploads\/2026\/09\/Carmen-Aguayo-Calderon-1536x1027.jpg 1536w, https:\/\/www.upr.edu\/wp-content\/uploads\/2026\/09\/Carmen-Aguayo-Calderon.jpg 1616w\" data-sizes=\"auto\" data-orig-sizes=\"(max-width: 300px) 100vw, 300px\" \/><\/a>Carmen Aguayo Calder\u00f3n<\/strong><\/p>\n<p>Naci\u00f3 el 19 de octubre de 1949 en R\u00edo Piedras.&nbsp; Inici\u00f3 su carrera deportiva a los siete a\u00f1os en el atletismo. Se destac\u00f3 en varias disciplinas, especialmente en softball, atletismo, voleibol, tenis y baloncesto. Como lanzadora de la Selecci\u00f3n Nacional de Softball, logr\u00f3 importantes actuaciones internacionales, incluyendo una medalla de plata en los Juegos Centroamericanos y del Caribe de 1974 y un juego perfecto en 1975. En 1991 fue exaltada al Sal\u00f3n de la Fama del Softball de Puerto Rico.<\/p>\n<p>En la Universidad de Puerto Rico se destac\u00f3 en atletismo, voleibol y tenis, siendo reconocida en 1972 como Mejor Atleta Femenina del A\u00f1o. Posteriormente compiti\u00f3 en la categor\u00eda Masters, donde continu\u00f3 cosechando triunfos en las pruebas de 100, 200 y 400 metros, incluso durante su embarazo.<\/p>\n<\/div><\/div><\/div><\/div><\/div>","protected":false},"excerpt":{"rendered":"El evento, dedicado a las destacadas exatletas Gretchen Gotay Cordero  [...]","protected":false},"author":237,"featured_media":655163,"comment_status":"closed","ping_status":"open","sticky":false,"template":"","format":"standard","meta":{"_themeisle_gutenberg_block_has_review":false,"footnotes":""},"categories":[131],"tags":[],"class_list":["post-655167","post","type-post","status-publish","format-standard","has-post-thumbnail","hentry","category-eventos"],"_links":{"self":[{"href":"https:\/\/www.upr.edu\/en\/wp-json\/wp\/v2\/posts\/655167","targetHints":{"allow":["GET"]}}],"collection":[{"href":"https:\/\/www.upr.edu\/en\/wp-json\/wp\/v2\/posts"}],"about":[{"href":"https:\/\/www.upr.edu\/en\/wp-json\/wp\/v2\/types\/post"}],"author":[{"embeddable":true,"href":"https:\/\/www.upr.edu\/en\/wp-json\/wp\/v2\/users\/237"}],"replies":[{"embeddable":true,"href":"https:\/\/www.upr.edu\/en\/wp-json\/wp\/v2\/comments?post=655167"}],"version-history":[{"count":1,"href":"https:\/\/www.upr.edu\/en\/wp-json\/wp\/v2\/posts\/655167\/revisions"}],"predecessor-version":[{"id":655168,"href":"https:\/\/www.upr.edu\/en\/wp-json\/wp\/v2\/posts\/655167\/revisions\/655168"}],"wp:featuredmedia":[{"embeddable":true,"href":"https:\/\/www.upr.edu\/en\/wp-json\/wp\/v2\/media\/655163"}],"wp:attachment":[{"href":"https:\/\/www.upr.edu\/en\/wp-json\/wp\/v2\/media?parent=655167"}],"wp:term":[{"taxonomy":"category","embeddable":true,"href":"https:\/\/www.upr.edu\/en\/wp-json\/wp\/v2\/categories?post=655167"},{"taxonomy":"post_tag","embeddable":true,"href":"https:\/\/www.upr.edu\/en\/wp-json\/wp\/v2\/tags?post=655167"}],"curies":[{"name":"wp","href":"https:\/\/api.w.org\/{rel}","templated":true}]}}