{"id":655126,"date":"2026-08-31T14:02:51","date_gmt":"2026-08-31T18:02:51","guid":{"rendered":"https:\/\/www.upr.edu\/?p=655126"},"modified":"2026-08-31T14:02:51","modified_gmt":"2026-08-31T18:02:51","slug":"gestan-actividad-para-crear-fondo-semilla-a-favor-de-la-cultura-en-la-upr-rio-piedras","status":"publish","type":"post","link":"https:\/\/www.upr.edu\/en\/gestan-actividad-para-crear-fondo-semilla-a-favor-de-la-cultura-en-la-upr-rio-piedras\/","title":{"rendered":"Gestan actividad para crear fondo semilla a favor de la cultura en la UPR-R\u00edo Piedras"},"content":{"rendered":"<div class=\"fusion-fullwidth fullwidth-box fusion-builder-row-1 fusion-flex-container has-pattern-background has-mask-background nonhundred-percent-fullwidth non-hundred-percent-height-scrolling\" style=\"--awb-border-radius-top-left:0px;--awb-border-radius-top-right:0px;--awb-border-radius-bottom-right:0px;--awb-border-radius-bottom-left:0px;--awb-flex-wrap:wrap;\" ><div class=\"fusion-builder-row fusion-row fusion-flex-align-items-flex-start fusion-flex-content-wrap\" style=\"max-width:1248px;margin-left: calc(-4% \/ 2 );margin-right: calc(-4% \/ 2 );\"><div class=\"fusion-layout-column fusion_builder_column fusion-builder-column-0 fusion_builder_column_1_1 1_1 fusion-flex-column\" style=\"--awb-bg-size:cover;--awb-width-large:100%;--awb-margin-top-large:0px;--awb-spacing-right-large:1.92%;--awb-margin-bottom-large:20px;--awb-spacing-left-large:1.92%;--awb-width-medium:100%;--awb-order-medium:0;--awb-spacing-right-medium:1.92%;--awb-spacing-left-medium:1.92%;--awb-width-small:100%;--awb-order-small:0;--awb-spacing-right-small:1.92%;--awb-spacing-left-small:1.92%;\"><div class=\"fusion-column-wrapper fusion-column-has-shadow fusion-flex-justify-content-flex-start fusion-content-layout-column\"><div class=\"fusion-text fusion-text-1\"><p style=\"text-align: center;\"><em>* Humanistas se unen en evento ben\u00e9fico denominado \u2018Por la Escena\u2019<\/em><\/p>\n<p style=\"text-align: center;\"><em>* Se celebrar\u00e1 el mi\u00e9rcoles, 30 de septiembre a las 7:00pm en el Teatro de la UPR<\/em><\/p>\n<p>&nbsp;<\/p>\n<p><a href=\"https:\/\/www.upr.edu\/wp-content\/uploads\/2026\/08\/ANDANZA_Foto-por-Robert-Villanua-1-scaled.jpg\"><img decoding=\"async\" class=\"lazyload alignleft size-medium wp-image-655123\" src=\"https:\/\/www.upr.edu\/wp-content\/uploads\/2026\/08\/ANDANZA_Foto-por-Robert-Villanua-1-300x204.jpg\" data-orig-src=\"https:\/\/www.upr.edu\/wp-content\/uploads\/2026\/08\/ANDANZA_Foto-por-Robert-Villanua-1-300x204.jpg\" alt=\"Personas en el escenario bailando.\" width=\"300\" height=\"204\" srcset=\"data:image\/svg+xml,%3Csvg%20xmlns%3D%27http%3A%2F%2Fwww.w3.org%2F2000%2Fsvg%27%20width%3D%27300%27%20height%3D%27204%27%20viewBox%3D%270%200%20300%20204%27%3E%3Crect%20width%3D%27300%27%20height%3D%27204%27%20fill-opacity%3D%220%22%2F%3E%3C%2Fsvg%3E\" data-srcset=\"https:\/\/www.upr.edu\/wp-content\/uploads\/2026\/08\/ANDANZA_Foto-por-Robert-Villanua-1-18x12.jpg 18w, https:\/\/www.upr.edu\/wp-content\/uploads\/2026\/08\/ANDANZA_Foto-por-Robert-Villanua-1-200x136.jpg 200w, https:\/\/www.upr.edu\/wp-content\/uploads\/2026\/08\/ANDANZA_Foto-por-Robert-Villanua-1-300x204.jpg 300w, https:\/\/www.upr.edu\/wp-content\/uploads\/2026\/08\/ANDANZA_Foto-por-Robert-Villanua-1-400x272.jpg 400w, https:\/\/www.upr.edu\/wp-content\/uploads\/2026\/08\/ANDANZA_Foto-por-Robert-Villanua-1-600x409.jpg 600w, https:\/\/www.upr.edu\/wp-content\/uploads\/2026\/08\/ANDANZA_Foto-por-Robert-Villanua-1-768x523.jpg 768w, https:\/\/www.upr.edu\/wp-content\/uploads\/2026\/08\/ANDANZA_Foto-por-Robert-Villanua-1-800x545.jpg 800w, https:\/\/www.upr.edu\/wp-content\/uploads\/2026\/08\/ANDANZA_Foto-por-Robert-Villanua-1-1024x697.jpg 1024w, https:\/\/www.upr.edu\/wp-content\/uploads\/2026\/08\/ANDANZA_Foto-por-Robert-Villanua-1-1200x817.jpg 1200w, https:\/\/www.upr.edu\/wp-content\/uploads\/2026\/08\/ANDANZA_Foto-por-Robert-Villanua-1-1536x1046.jpg 1536w\" data-sizes=\"auto\" data-orig-sizes=\"(max-width: 300px) 100vw, 300px\" \/><\/a>Estudiantes, profesores y empleados de la Facultad de Humanidades del Recinto de R\u00edo Piedras de la Universidad de Puerto Rico (RRP-UPR), as\u00ed como amigos humanistas, han gestado la organizaci\u00f3n de la primera Gala Pro Fondos de las Humanidades denominada&nbsp;<em>Por la Escena<\/em>.&nbsp;&nbsp;<\/p>\n<p>Este evento ben\u00e9fico busca apoyar la creaci\u00f3n de un fondo semilla que estimule la programaci\u00f3n cultural y acad\u00e9mica, a celebrarse el mi\u00e9rcoles, 30 de septiembre de 7:00 a 9:30 p.m. en el Teatro de la UPR.&nbsp;&nbsp;<\/p>\n<p>\u201cEsta gala propone una experiencia donde el arte, la naturaleza y la universidad se entrelazan\u201d, explic\u00f3 la profesora Natasha Sagard\u00eda Beltr\u00e1n, quien organiza la velada con sus estudiantes del Programa de Estudios Interdisciplinarios y la Maestr\u00eda en Gesti\u00f3n y Administraci\u00f3n Cultural.&nbsp;&nbsp;<\/p>\n<p>El fondo semilla tiene objetivos concretos -a\u00f1adi\u00f3 Sagard\u00eda- establecer un presupuesto para que estudiantes y docentes puedan viajar a representar a Puerto Rico y a la UPR en foros internacionales y que los departamentos puedan solicitar una ayuda base para estimular la actividad cultural de sus programas como obras, recitales, exhibiciones, congresos, entre otros eventos. La intenci\u00f3n es establecer una zapata que nos permita promover el desarrollo activo de nuestros talentos y potenciar el trabajo de gesti\u00f3n que se realiza sin pausa en la Facultad de Humanidades.&nbsp;&nbsp;<\/p>\n<p>El evento tendr\u00e1 m\u00fasica en vivo, c\u00f3ctel y entremeses con productos locales preparados por renombrados chefs del pa\u00eds. \u201cUna propuesta gastron\u00f3mica de primera, que evoca lo tradicional y dialoga con lo contempor\u00e1neo\u201d, afirm\u00f3.&nbsp;&nbsp;<\/p>\n<p><em><a href=\"https:\/\/www.upr.edu\/wp-content\/uploads\/2026\/08\/Arte-oficial-GALA-v2.jpg\"><img decoding=\"async\" class=\"lazyload alignleft size-medium wp-image-655125\" src=\"https:\/\/www.upr.edu\/wp-content\/uploads\/2026\/08\/Arte-oficial-GALA-v2-194x300.jpg\" data-orig-src=\"https:\/\/www.upr.edu\/wp-content\/uploads\/2026\/08\/Arte-oficial-GALA-v2-194x300.jpg\" alt=\"Afiche del evento &quot;Por la Escena&quot; 30 de septiembre a las 7PM en el Teatro de la UPR Recinto de R\u00edo Piedras\" width=\"194\" height=\"300\" srcset=\"data:image\/svg+xml,%3Csvg%20xmlns%3D%27http%3A%2F%2Fwww.w3.org%2F2000%2Fsvg%27%20width%3D%27194%27%20height%3D%27300%27%20viewBox%3D%270%200%20194%20300%27%3E%3Crect%20width%3D%27194%27%20height%3D%27300%27%20fill-opacity%3D%220%22%2F%3E%3C%2Fsvg%3E\" data-srcset=\"https:\/\/www.upr.edu\/wp-content\/uploads\/2026\/08\/Arte-oficial-GALA-v2-8x12.jpg 8w, https:\/\/www.upr.edu\/wp-content\/uploads\/2026\/08\/Arte-oficial-GALA-v2-194x300.jpg 194w, https:\/\/www.upr.edu\/wp-content\/uploads\/2026\/08\/Arte-oficial-GALA-v2-200x309.jpg 200w, https:\/\/www.upr.edu\/wp-content\/uploads\/2026\/08\/Arte-oficial-GALA-v2-400x618.jpg 400w, https:\/\/www.upr.edu\/wp-content\/uploads\/2026\/08\/Arte-oficial-GALA-v2-600x927.jpg 600w, https:\/\/www.upr.edu\/wp-content\/uploads\/2026\/08\/Arte-oficial-GALA-v2-663x1024.jpg 663w, https:\/\/www.upr.edu\/wp-content\/uploads\/2026\/08\/Arte-oficial-GALA-v2-768x1187.jpg 768w, https:\/\/www.upr.edu\/wp-content\/uploads\/2026\/08\/Arte-oficial-GALA-v2-800x1236.jpg 800w, https:\/\/www.upr.edu\/wp-content\/uploads\/2026\/08\/Arte-oficial-GALA-v2-994x1536.jpg 994w, https:\/\/www.upr.edu\/wp-content\/uploads\/2026\/08\/Arte-oficial-GALA-v2-1200x1855.jpg 1200w, https:\/\/www.upr.edu\/wp-content\/uploads\/2026\/08\/Arte-oficial-GALA-v2-1325x2048.jpg 1325w, https:\/\/www.upr.edu\/wp-content\/uploads\/2026\/08\/Arte-oficial-GALA-v2.jpg 1584w\" data-sizes=\"auto\" data-orig-sizes=\"(max-width: 194px) 100vw, 194px\" \/><\/a>Por la Escena,&nbsp;<\/em>es un esfuerzo que nace de dos unidades hermanas; el Programa de Estudios Interdisciplinarios, dirigido por la doctora Sunny Cabrera, y el Programa de Maestr\u00eda en Gesti\u00f3n y Administraci\u00f3n Cultural, coordinado por la doctora Mareia Quintero.<em>&nbsp;<\/em>Cuenta con la colaboraci\u00f3n solidaria de todos los departamentos de la facultad, el apoyo del Decanato de Humanidades liderado por la doctora Agnes M. Bosch y de alianzas externas como Buena Vibra y Visitrico. Buena Vibra, agencia de publicidad adentrada en el mundo del entretenimiento, ha brindado apoyo en el \u00e1rea de programaci\u00f3n art\u00edstica. Visitrico, organizaci\u00f3n sin fines de lucro que desarrolla proyectos para sostener el agroturismo, contribuir\u00e1 al dise\u00f1o de la experiencia gastron\u00f3mica.&nbsp;&nbsp;<\/p>\n<p>As\u00ed, Hugo Varona, Luc\u00eda Merino Casablanca y Juan Jos\u00e9 Cuevas, ser\u00e1n los chefs invitados, quienes deleitar\u00e1n con un men\u00fa inspirado en la cocina puertorrique\u00f1a. Los destacados artistas y egresados Kairiana N\u00fa\u00f1ez y Modesto Lac\u00e9n conducir\u00e1n la velada. El festejo ser\u00e1 amenizado por tres conjuntos musicales de renombre, un performance de la compa\u00f1\u00eda de danza contempor\u00e1nea Andanza y la participaci\u00f3n del Conjunto Criollo. Los departamentos de M\u00fasica y Drama demostrar\u00e1n sus talentos a lo largo de la noche.&nbsp;&nbsp;<\/p>\n<p>Para m\u00e1s informaci\u00f3n, puede visitar la p\u00e1gina de Instagram @prei.uprrp. Cada invitado tendr\u00e1 la oportunidad de adquirir un boleto de forma previa a la gala a trav\u00e9s de&nbsp;<a href=\"https:\/\/nam02.safelinks.protection.outlook.com\/?url=http%3A%2F%2Fprticket.com%2F&amp;data=05%7C02%7Cjose.munoz17%40upr.edu%7Caa7adeafd9d54327938608df077b992a%7C0dfa5dc0036f461599e494af822f2b84%7C0%7C0%7C639237899599635356%7CUnknown%7CTWFpbGZsb3d8eyJFbXB0eU1hcGkiOnRydWUsIlYiOiIwLjAuMDAwMCIsIlAiOiJXaW4zMiIsIkFOIjoiTWFpbCIsIldUIjoyfQ%3D%3D%7C0%7C%7C%7C&amp;sdata=5dgJUADglE1m0FkV1JrKLtPbzyY4rICWPGPgYOV7dr0%3D&amp;reserved=0\">prticket.com<\/a>.&nbsp;<\/p>\n<p><em>Foto cortes\u00eda de Robert Villanua \/Andanza&nbsp;<\/em><\/p>\n<\/div><\/div><\/div><\/div><\/div>","protected":false},"excerpt":{"rendered":"* Humanistas se unen en evento ben\u00e9fico denominado \u2018Por la  [...]","protected":false},"author":237,"featured_media":655124,"comment_status":"closed","ping_status":"open","sticky":false,"template":"","format":"standard","meta":{"_themeisle_gutenberg_block_has_review":false,"footnotes":""},"categories":[131],"tags":[],"class_list":["post-655126","post","type-post","status-publish","format-standard","has-post-thumbnail","hentry","category-eventos"],"_links":{"self":[{"href":"https:\/\/www.upr.edu\/en\/wp-json\/wp\/v2\/posts\/655126","targetHints":{"allow":["GET"]}}],"collection":[{"href":"https:\/\/www.upr.edu\/en\/wp-json\/wp\/v2\/posts"}],"about":[{"href":"https:\/\/www.upr.edu\/en\/wp-json\/wp\/v2\/types\/post"}],"author":[{"embeddable":true,"href":"https:\/\/www.upr.edu\/en\/wp-json\/wp\/v2\/users\/237"}],"replies":[{"embeddable":true,"href":"https:\/\/www.upr.edu\/en\/wp-json\/wp\/v2\/comments?post=655126"}],"version-history":[{"count":1,"href":"https:\/\/www.upr.edu\/en\/wp-json\/wp\/v2\/posts\/655126\/revisions"}],"predecessor-version":[{"id":655127,"href":"https:\/\/www.upr.edu\/en\/wp-json\/wp\/v2\/posts\/655126\/revisions\/655127"}],"wp:featuredmedia":[{"embeddable":true,"href":"https:\/\/www.upr.edu\/en\/wp-json\/wp\/v2\/media\/655124"}],"wp:attachment":[{"href":"https:\/\/www.upr.edu\/en\/wp-json\/wp\/v2\/media?parent=655126"}],"wp:term":[{"taxonomy":"category","embeddable":true,"href":"https:\/\/www.upr.edu\/en\/wp-json\/wp\/v2\/categories?post=655126"},{"taxonomy":"post_tag","embeddable":true,"href":"https:\/\/www.upr.edu\/en\/wp-json\/wp\/v2\/tags?post=655126"}],"curies":[{"name":"wp","href":"https:\/\/api.w.org\/{rel}","templated":true}]}}