{"id":655121,"date":"2026-08-31T13:44:14","date_gmt":"2026-08-31T17:44:14","guid":{"rendered":"https:\/\/www.upr.edu\/?p=655121"},"modified":"2026-08-31T13:44:14","modified_gmt":"2026-08-31T17:44:14","slug":"sociedad-americana-de-meteorologia-reconocera-a-dos-egresados-del-rum-por-sus-aportaciones-en-el-ambito-cientifico","status":"publish","type":"post","link":"https:\/\/www.upr.edu\/en\/sociedad-americana-de-meteorologia-reconocera-a-dos-egresados-del-rum-por-sus-aportaciones-en-el-ambito-cientifico\/","title":{"rendered":"Sociedad Americana de Meteorolog\u00eda reconocer\u00e1 a dos egresados del RUM por sus aportaciones en el \u00e1mbito cient\u00edfico"},"content":{"rendered":"<div class=\"fusion-fullwidth fullwidth-box fusion-builder-row-1 fusion-flex-container has-pattern-background has-mask-background nonhundred-percent-fullwidth non-hundred-percent-height-scrolling\" style=\"--awb-border-radius-top-left:0px;--awb-border-radius-top-right:0px;--awb-border-radius-bottom-right:0px;--awb-border-radius-bottom-left:0px;--awb-flex-wrap:wrap;\" ><div class=\"fusion-builder-row fusion-row fusion-flex-align-items-flex-start fusion-flex-content-wrap\" style=\"max-width:1248px;margin-left: calc(-4% \/ 2 );margin-right: calc(-4% \/ 2 );\"><div class=\"fusion-layout-column fusion_builder_column fusion-builder-column-0 fusion_builder_column_1_1 1_1 fusion-flex-column\" style=\"--awb-bg-size:cover;--awb-width-large:100%;--awb-margin-top-large:0px;--awb-spacing-right-large:1.92%;--awb-margin-bottom-large:20px;--awb-spacing-left-large:1.92%;--awb-width-medium:100%;--awb-order-medium:0;--awb-spacing-right-medium:1.92%;--awb-spacing-left-medium:1.92%;--awb-width-small:100%;--awb-order-small:0;--awb-spacing-right-small:1.92%;--awb-spacing-left-small:1.92%;\"><div class=\"fusion-column-wrapper fusion-column-has-shadow fusion-flex-justify-content-flex-start fusion-content-layout-column\"><div class=\"fusion-text fusion-text-1\"><p><a href=\"https:\/\/www.upr.edu\/wp-content\/uploads\/2026\/08\/Isha.png\"><img decoding=\"async\" class=\"lazyload alignleft size-medium wp-image-655120\" src=\"https:\/\/www.upr.edu\/wp-content\/uploads\/2026\/08\/Isha-300x254.png\" data-orig-src=\"https:\/\/www.upr.edu\/wp-content\/uploads\/2026\/08\/Isha-300x254.png\" alt=\"meteor\u00f3loga Isha M. Renta L\u00f3pez \" width=\"300\" height=\"254\" srcset=\"data:image\/svg+xml,%3Csvg%20xmlns%3D%27http%3A%2F%2Fwww.w3.org%2F2000%2Fsvg%27%20width%3D%27300%27%20height%3D%27254%27%20viewBox%3D%270%200%20300%20254%27%3E%3Crect%20width%3D%27300%27%20height%3D%27254%27%20fill-opacity%3D%220%22%2F%3E%3C%2Fsvg%3E\" data-srcset=\"https:\/\/www.upr.edu\/wp-content\/uploads\/2026\/08\/Isha-14x12.png 14w, https:\/\/www.upr.edu\/wp-content\/uploads\/2026\/08\/Isha-200x169.png 200w, https:\/\/www.upr.edu\/wp-content\/uploads\/2026\/08\/Isha-300x254.png 300w, https:\/\/www.upr.edu\/wp-content\/uploads\/2026\/08\/Isha-400x339.png 400w, https:\/\/www.upr.edu\/wp-content\/uploads\/2026\/08\/Isha-600x508.png 600w, https:\/\/www.upr.edu\/wp-content\/uploads\/2026\/08\/Isha-768x650.png 768w, https:\/\/www.upr.edu\/wp-content\/uploads\/2026\/08\/Isha-800x677.png 800w, https:\/\/www.upr.edu\/wp-content\/uploads\/2026\/08\/Isha-1024x867.png 1024w, https:\/\/www.upr.edu\/wp-content\/uploads\/2026\/08\/Isha.png 1184w\" data-sizes=\"auto\" data-orig-sizes=\"(max-width: 300px) 100vw, 300px\" \/><\/a>La meteor\u00f3loga <strong>Isha M. Renta L\u00f3pez<\/strong> y el doctor <strong>\u00c1ngel F. Adames Corraliza<\/strong>, ambos egresados del Recinto Universitario de Mayag\u00fcez (RUM) de la Universidad de Puerto Rico (UPR), recibir\u00e1n importantes distinciones de la Sociedad Americana de Meteorolog\u00eda (AMS), en reconocimiento a sus aportaciones al campo de las ciencias atmosf\u00e9ricas, su liderazgo profesional y su impacto en la formaci\u00f3n de futuras generaciones de cient\u00edficos.<\/p>\n<p>Los galardones se otorgar\u00e1n durante la conferencia anual de la organizaci\u00f3n, que se celebrar\u00e1 en enero de 2027 en Denver, Colorado, donde se destacar\u00e1 la trayectoria y el legado de ambos puertorrique\u00f1os en la investigaci\u00f3n meteorol\u00f3gica.<strong>&nbsp;<\/strong><\/p>\n<p><strong>Renta L\u00f3pez recibir\u00e1 el <em>Premio de Mentor\u00eda Robert H. y Joanne Simpson 2027<\/em><\/strong>, una distinci\u00f3n que reconoce contribuciones sobresalientes a la mentor\u00eda y al desarrollo profesional de nuevas generaciones dentro de las ciencias atmosf\u00e9ricas.<\/p>\n<p>\u201cComo meteor\u00f3loga puertorrique\u00f1a, cuya fascinaci\u00f3n por los huracanes desde ni\u00f1a me inspir\u00f3 a seguir esta carrera, recibir un galard\u00f3n que lleva el nombre de ambos pioneros en la meteorolog\u00eda de huracanes representa una hermosa coincidencia. La mentor\u00eda se ha convertido en uno de los mayores privilegios de mi carrera. Ir\u00f3nicamente, ni siquiera escuch\u00e9 la palabra mentor o mentora hasta que estudiaba mi maestr\u00eda. Sin embargo, al mirar atr\u00e1s, me percato de que siempre estuve rodeada de seres incre\u00edbles que creyeron en m\u00ed, me alentaron y me ayudaron a identificar el potencial que yo ten\u00eda, aun cuando no lograba verlo\u201d, relat\u00f3 Renta L\u00f3pez.<\/p>\n<p>Actualmente, se desempe\u00f1a como gerente de la Oficina del Programa de Condiciones del Tiempo de la Administraci\u00f3n Nacional Oce\u00e1nica y Atmosf\u00e9rica (NOAA), entidad para la que labora desde 2015.<\/p>\n<p>La exalumna colegial, natural de Ponce, obtuvo en 2004 un bachillerato en Matem\u00e1ticas del RUM. Adem\u00e1s, complet\u00f3 la Secuencia Curricular en Meteorolog\u00eda, experiencia que fortaleci\u00f3 los cimientos de la carrera profesional que hoy la distingue internacionalmente.<\/p>\n<p>Adem\u00e1s de sus contribuciones cient\u00edficas, promueve activamente la cultura puertorrique\u00f1a. En 2014 fund\u00f3 el grupo Semilla Cultural, dedicado a divulgar la tradici\u00f3n de la bomba puertorrique\u00f1a en el estado de Virginia. Asimismo, es autora del libro infantil <em>Sof\u00eda y su tambor de bomba<\/em>.<\/p>\n<p>Por su parte, <strong>Adames Corraliza recibir\u00e1 el <\/strong><strong>Premio Clarence Leroy Meisinger<\/strong>, otorgado a profesionales que realizan contribuciones sobresalientes a las ciencias atmosf\u00e9ricas durante las etapas iniciales de sus carreras.<\/p>\n<p><a href=\"https:\/\/www.upr.edu\/wp-content\/uploads\/2026\/08\/Angel-scaled.jpg\"><img decoding=\"async\" class=\"lazyload alignleft size-medium wp-image-655118\" src=\"https:\/\/www.upr.edu\/wp-content\/uploads\/2026\/08\/Angel-200x300.jpg\" data-orig-src=\"https:\/\/www.upr.edu\/wp-content\/uploads\/2026\/08\/Angel-200x300.jpg\" alt=\"el doctor \u00c1ngel F. Adames Corraliza\" width=\"200\" height=\"300\" srcset=\"data:image\/svg+xml,%3Csvg%20xmlns%3D%27http%3A%2F%2Fwww.w3.org%2F2000%2Fsvg%27%20width%3D%27200%27%20height%3D%27300%27%20viewBox%3D%270%200%20200%20300%27%3E%3Crect%20width%3D%27200%27%20height%3D%27300%27%20fill-opacity%3D%220%22%2F%3E%3C%2Fsvg%3E\" data-srcset=\"https:\/\/www.upr.edu\/wp-content\/uploads\/2026\/08\/Angel-8x12.jpg 8w, https:\/\/www.upr.edu\/wp-content\/uploads\/2026\/08\/Angel-200x300.jpg 200w, https:\/\/www.upr.edu\/wp-content\/uploads\/2026\/08\/Angel-400x600.jpg 400w, https:\/\/www.upr.edu\/wp-content\/uploads\/2026\/08\/Angel-600x900.jpg 600w, https:\/\/www.upr.edu\/wp-content\/uploads\/2026\/08\/Angel-683x1024.jpg 683w, https:\/\/www.upr.edu\/wp-content\/uploads\/2026\/08\/Angel-768x1152.jpg 768w, https:\/\/www.upr.edu\/wp-content\/uploads\/2026\/08\/Angel-800x1200.jpg 800w, https:\/\/www.upr.edu\/wp-content\/uploads\/2026\/08\/Angel-1024x1536.jpg 1024w, https:\/\/www.upr.edu\/wp-content\/uploads\/2026\/08\/Angel-1200x1800.jpg 1200w, https:\/\/www.upr.edu\/wp-content\/uploads\/2026\/08\/Angel-1365x2048.jpg 1365w, https:\/\/www.upr.edu\/wp-content\/uploads\/2026\/08\/Angel-scaled.jpg 1706w\" data-sizes=\"auto\" data-orig-sizes=\"(max-width: 200px) 100vw, 200px\" \/><\/a>\u201cEstoy recibiendo este galard\u00f3n por las contribuciones innovadoras e impactantes al desarrollo de la teor\u00eda de ondas de humedad, que ha avanzado nuestro conocimiento fundamental de la meteorolog\u00eda tropical. El trabajo que he realizado con mi grupo examina c\u00f3mo las fluctuaciones del vapor de agua en la atm\u00f3sfera acoplan las nubes con los vientos. Estos sistemas se llaman ondas de humedad y, aunque el nombre no es familiar para muchas personas, los puertorrique\u00f1os los conocen bien. Las ondas de humedad son una familia de sistemas tropicales que incluye las ondas tropicales en el Caribe que afectan a Puerto Rico\u201d, explic\u00f3 Adames Corraliza.<\/p>\n<p>El tambi\u00e9n meteor\u00f3logo y profesor de la Universidad de Wisconsin-Madison ha desarrollado investigaciones enfocadas en comprender mejor los procesos din\u00e1micos que influyen en los sistemas meteorol\u00f3gicos tropicales y su impacto en el clima.<\/p>\n<p>Oriundo de San Sebasti\u00e1n, obtuvo su bachillerato en F\u00edsica del RUM en 2010, formaci\u00f3n que sirvi\u00f3 de base para una destacada carrera investigativa en el campo de las ciencias atmosf\u00e9ricas.<\/p>\n<p>Estas premiaciones reflejan el alcance internacional de las aportaciones realizadas por egresados del recinto mayag\u00fcezano de la UPR y su capacidad para transformar el conocimiento cient\u00edfico mediante la investigaci\u00f3n, la innovaci\u00f3n y el servicio.<\/p>\n<p>\u201cEste reconocimiento a dos distinguidos egresados reafirma la excelencia acad\u00e9mica del Recinto Universitario de Mayag\u00fcez y el impacto de nuestros graduados en la generaci\u00f3n de conocimiento y en la atenci\u00f3n de desaf\u00edos globales. Nos llena de orgullo saber que contin\u00faan dejando una huella significativa en sus respectivas disciplinas y representan con excelencia a Puerto Rico y a su alma mater\u201d, expres\u00f3 el doctor Miguel A. Mu\u00f1oz, rector interino del RUM.<\/p>\n<p>De igual forma, la doctora Zayira Jord\u00e1n Conde, presidenta de la UPR, destac\u00f3 la relevancia de esta distinci\u00f3n para toda la comunidad universitaria.<\/p>\n<p>\u201cEn la Universidad de Puerto Rico sentimos un profundo orgullo por Isha Renta L\u00f3pez y \u00c1ngel Adames Corraliza, dos egresados cuyas trayectorias demuestran el alcance que puede tener una formaci\u00f3n acad\u00e9mica de excelencia. Que una organizaci\u00f3n de la importancia de la Sociedad Americana de Meteorolog\u00eda reconozca sus aportaciones a la ciencia y a la formaci\u00f3n de nuevas generaciones reafirma la capacidad de nuestra Universidad para preparar profesionales que se distinguen y generan impacto m\u00e1s all\u00e1 de Puerto Rico. Sus logros enaltecen a su Recinto Universitario de Mayag\u00fcez, a toda la UPR y sirven de inspiraci\u00f3n para nuestros estudiantes\u201d, afirm\u00f3 Jord\u00e1n Conde.<\/p>\n<\/div><\/div><\/div><\/div><\/div>","protected":false},"excerpt":{"rendered":"La meteor\u00f3loga Isha M. Renta L\u00f3pez y el doctor \u00c1ngel  [...]","protected":false},"author":237,"featured_media":655119,"comment_status":"closed","ping_status":"open","sticky":false,"template":"","format":"standard","meta":{"_themeisle_gutenberg_block_has_review":false,"footnotes":""},"categories":[51],"tags":[],"class_list":["post-655121","post","type-post","status-publish","format-standard","has-post-thumbnail","hentry","category-comunicados"],"_links":{"self":[{"href":"https:\/\/www.upr.edu\/en\/wp-json\/wp\/v2\/posts\/655121","targetHints":{"allow":["GET"]}}],"collection":[{"href":"https:\/\/www.upr.edu\/en\/wp-json\/wp\/v2\/posts"}],"about":[{"href":"https:\/\/www.upr.edu\/en\/wp-json\/wp\/v2\/types\/post"}],"author":[{"embeddable":true,"href":"https:\/\/www.upr.edu\/en\/wp-json\/wp\/v2\/users\/237"}],"replies":[{"embeddable":true,"href":"https:\/\/www.upr.edu\/en\/wp-json\/wp\/v2\/comments?post=655121"}],"version-history":[{"count":1,"href":"https:\/\/www.upr.edu\/en\/wp-json\/wp\/v2\/posts\/655121\/revisions"}],"predecessor-version":[{"id":655122,"href":"https:\/\/www.upr.edu\/en\/wp-json\/wp\/v2\/posts\/655121\/revisions\/655122"}],"wp:featuredmedia":[{"embeddable":true,"href":"https:\/\/www.upr.edu\/en\/wp-json\/wp\/v2\/media\/655119"}],"wp:attachment":[{"href":"https:\/\/www.upr.edu\/en\/wp-json\/wp\/v2\/media?parent=655121"}],"wp:term":[{"taxonomy":"category","embeddable":true,"href":"https:\/\/www.upr.edu\/en\/wp-json\/wp\/v2\/categories?post=655121"},{"taxonomy":"post_tag","embeddable":true,"href":"https:\/\/www.upr.edu\/en\/wp-json\/wp\/v2\/tags?post=655121"}],"curies":[{"name":"wp","href":"https:\/\/api.w.org\/{rel}","templated":true}]}}