{"id":594541,"date":"2026-07-16T13:19:46","date_gmt":"2026-07-16T17:19:46","guid":{"rendered":"https:\/\/www.upr.edu\/?p=594541"},"modified":"2026-07-16T13:19:46","modified_gmt":"2026-07-16T17:19:46","slug":"rum-celebra-su-centesima-decimotercera-graduacion-con-1715-graduandos","status":"publish","type":"post","link":"https:\/\/www.upr.edu\/en\/rum-celebra-su-centesima-decimotercera-graduacion-con-1715-graduandos\/","title":{"rendered":"RUM celebra su cent\u00e9sima decimotercera graduaci\u00f3n con 1,715 graduandos"},"content":{"rendered":"<div class=\"fusion-fullwidth fullwidth-box fusion-builder-row-1 fusion-flex-container has-pattern-background has-mask-background nonhundred-percent-fullwidth non-hundred-percent-height-scrolling\" style=\"--awb-border-radius-top-left:0px;--awb-border-radius-top-right:0px;--awb-border-radius-bottom-right:0px;--awb-border-radius-bottom-left:0px;--awb-flex-wrap:wrap;\" ><div class=\"fusion-builder-row fusion-row fusion-flex-align-items-flex-start fusion-flex-content-wrap\" style=\"max-width:1248px;margin-left: calc(-4% \/ 2 );margin-right: calc(-4% \/ 2 );\"><div class=\"fusion-layout-column fusion_builder_column fusion-builder-column-0 fusion_builder_column_1_1 1_1 fusion-flex-column\" style=\"--awb-bg-size:cover;--awb-width-large:100%;--awb-margin-top-large:0px;--awb-spacing-right-large:1.92%;--awb-margin-bottom-large:20px;--awb-spacing-left-large:1.92%;--awb-width-medium:100%;--awb-order-medium:0;--awb-spacing-right-medium:1.92%;--awb-spacing-left-medium:1.92%;--awb-width-small:100%;--awb-order-small:0;--awb-spacing-right-small:1.92%;--awb-spacing-left-small:1.92%;\"><div class=\"fusion-column-wrapper fusion-column-has-shadow fusion-flex-justify-content-flex-start fusion-content-layout-column\"><div class=\"fusion-text fusion-text-1\"><p><a href=\"https:\/\/www.upr.edu\/wp-content\/uploads\/2026\/07\/1.jpg\"><img decoding=\"async\" class=\"lazyload alignleft wp-image-594536 size-medium\" src=\"https:\/\/www.upr.edu\/wp-content\/uploads\/2026\/07\/1-300x200.jpg\" data-orig-src=\"https:\/\/www.upr.edu\/wp-content\/uploads\/2026\/07\/1-300x200.jpg\" alt=\"Estudiantes del Recinto de Mayag\u00fcez en la colaci\u00f3n de grados\" width=\"300\" height=\"200\" srcset=\"data:image\/svg+xml,%3Csvg%20xmlns%3D%27http%3A%2F%2Fwww.w3.org%2F2000%2Fsvg%27%20width%3D%27300%27%20height%3D%27200%27%20viewBox%3D%270%200%20300%20200%27%3E%3Crect%20width%3D%27300%27%20height%3D%27200%27%20fill-opacity%3D%220%22%2F%3E%3C%2Fsvg%3E\" data-srcset=\"https:\/\/www.upr.edu\/wp-content\/uploads\/2026\/07\/1-18x12.jpg 18w, https:\/\/www.upr.edu\/wp-content\/uploads\/2026\/07\/1-200x133.jpg 200w, https:\/\/www.upr.edu\/wp-content\/uploads\/2026\/07\/1-300x200.jpg 300w, https:\/\/www.upr.edu\/wp-content\/uploads\/2026\/07\/1-400x267.jpg 400w, https:\/\/www.upr.edu\/wp-content\/uploads\/2026\/07\/1-600x400.jpg 600w, https:\/\/www.upr.edu\/wp-content\/uploads\/2026\/07\/1-768x512.jpg 768w, https:\/\/www.upr.edu\/wp-content\/uploads\/2026\/07\/1-800x533.jpg 800w, https:\/\/www.upr.edu\/wp-content\/uploads\/2026\/07\/1-1024x682.jpg 1024w, https:\/\/www.upr.edu\/wp-content\/uploads\/2026\/07\/1-1200x800.jpg 1200w, https:\/\/www.upr.edu\/wp-content\/uploads\/2026\/07\/1-1536x1024.jpg 1536w\" data-sizes=\"auto\" data-orig-sizes=\"(max-width: 300px) 100vw, 300px\" \/><\/a>El Recinto Universitario de Mayag\u00fcez (RUM) de la Universidad de Puerto Rico (UPR) celebr\u00f3 su cent\u00e9sima decimotercera colaci\u00f3n de grados, en la que un total de <strong>1,715 estudiantes<\/strong> se grad\u00faan en tres ceremonias de bachillerato, maestr\u00eda y doctorado del Colegio de Mayag\u00fcez. Las dos ceremonias de hoy jueves acogieron a los estudiantes de los Colegios de Artes y Ciencias, en la ma\u00f1ana, y del Colegio de Ingenier\u00eda, en la tarde. Mientras, ma\u00f1ana viernes se graduar\u00e1n los estudiantes de los Colegios de Administraci\u00f3n de Empresas y Ciencias Agr\u00edcolas. Todos los eventos se llevan a cabo en el Coliseo Rafael A. Mangual.<\/p>\n<p>Durante la graduaci\u00f3n se otorgaron, por primera vez en el RUM y en la UPR, los grados de doctorado en Psicolog\u00eda Escolar del Departamento de Psicolog\u00eda a cuatro estudiantes: Brenda Cintr\u00f3n, M\u00f3nica Ruiz, Xiomara Col\u00f3n y Krystal Montalvo.<\/p>\n<p>Asimismo, se confiere, por primera vez en la historia de la instituci\u00f3n, un grado acad\u00e9mico completamente en l\u00ednea en su trayectoria centenaria. Se trata de la Maestr\u00eda en Ciencias en Econom\u00eda Agr\u00edcola, en su versi\u00f3n completamente a distancia, adscrita al Departamento de Econom\u00eda Agr\u00edcola y Sociolog\u00eda Rural del Colegio de Ciencias Agr\u00edcolas. El grado se otorg\u00f3 a Neishaly Serrano Cort\u00e9s y Andrew Hermann Holland.<\/p>\n<p>Del mismo modo, se confiri\u00f3 por primera vez el grado de Maestr\u00eda en Literatura en Ingl\u00e9s a Ysabel S. Hightower Gonz\u00e1lez, Sarah L. Lema Sol\u00eds y Andrea Rodr\u00edguez Santiago, integrantes de la cohorte inaugural de este programa graduado.<\/p>\n<p><a href=\"https:\/\/www.upr.edu\/wp-content\/uploads\/2026\/07\/2.jpg\"><img decoding=\"async\" class=\"lazyload alignleft wp-image-594538 size-medium\" src=\"https:\/\/www.upr.edu\/wp-content\/uploads\/2026\/07\/2-300x200.jpg\" data-orig-src=\"https:\/\/www.upr.edu\/wp-content\/uploads\/2026\/07\/2-300x200.jpg\" alt=\"Otro \u00e1ngulo de los Estudiantes del Recinto de Mayag\u00fcez en la colaci\u00f3n de grados\" width=\"300\" height=\"200\" srcset=\"data:image\/svg+xml,%3Csvg%20xmlns%3D%27http%3A%2F%2Fwww.w3.org%2F2000%2Fsvg%27%20width%3D%27300%27%20height%3D%27200%27%20viewBox%3D%270%200%20300%20200%27%3E%3Crect%20width%3D%27300%27%20height%3D%27200%27%20fill-opacity%3D%220%22%2F%3E%3C%2Fsvg%3E\" data-srcset=\"https:\/\/www.upr.edu\/wp-content\/uploads\/2026\/07\/2-18x12.jpg 18w, https:\/\/www.upr.edu\/wp-content\/uploads\/2026\/07\/2-200x133.jpg 200w, https:\/\/www.upr.edu\/wp-content\/uploads\/2026\/07\/2-300x200.jpg 300w, https:\/\/www.upr.edu\/wp-content\/uploads\/2026\/07\/2-400x267.jpg 400w, https:\/\/www.upr.edu\/wp-content\/uploads\/2026\/07\/2-600x400.jpg 600w, https:\/\/www.upr.edu\/wp-content\/uploads\/2026\/07\/2-768x512.jpg 768w, https:\/\/www.upr.edu\/wp-content\/uploads\/2026\/07\/2-800x533.jpg 800w, https:\/\/www.upr.edu\/wp-content\/uploads\/2026\/07\/2-1024x682.jpg 1024w, https:\/\/www.upr.edu\/wp-content\/uploads\/2026\/07\/2-1200x800.jpg 1200w, https:\/\/www.upr.edu\/wp-content\/uploads\/2026\/07\/2-1536x1024.jpg 1536w\" data-sizes=\"auto\" data-orig-sizes=\"(max-width: 300px) 100vw, 300px\" \/><\/a>En esta ocasi\u00f3n, la Clase 2026 la constituyen <strong>900 varones<\/strong>, equivalentes al 52 por ciento; mientras que <strong>815 estudiantes<\/strong>, o el 48 por ciento, son f\u00e9minas. El cuadro de honor est\u00e1 compuesto por <strong>809 estudiantes<\/strong>, lo que representa el 54 por ciento de los <strong>1,508<\/strong> alumnos que obtienen su grado de bachillerato. De los <strong>32 <em>Summa Cum Laude<\/em><\/strong>, <strong>13<\/strong> cumplieron con los requisitos para recibir el Gran Premio Luis Stefani Raffucci, al graduarse con promedio perfecto de cuatro puntos. Mientras, <strong>496<\/strong> fueron <strong><em>Magna Cum Laude<\/em><\/strong> y <strong>281<\/strong>, <strong><em>Cum Laude<\/em><\/strong>.<\/p>\n<p>De los <strong>13<\/strong> colegiales que reciben el <strong>prestigioso premio Luis Stefani Raffucci<\/strong>, m\u00e1ximo galard\u00f3n acad\u00e9mico que otorga la instituci\u00f3n por haber completado su grado con promedio perfecto, <strong>ocho<\/strong> pertenecen al Colegio de Ingenier\u00eda. Mientras, <strong>tres<\/strong> son del Colegio de Ciencias Agr\u00edcolas y <strong>dos<\/strong> del Colegio de Artes y Ciencias. En total, <strong>siete<\/strong> f\u00e9minas y <strong>seis<\/strong> varones reciben esta distinci\u00f3n.<\/p>\n<p>Seg\u00fan las estad\u00edsticas ofrecidas por la Oficina de Registradur\u00eda, el desglose por \u00e1rea de estudio de los <strong>1,508<\/strong> grados de bachillerato es el siguiente: <strong>655<\/strong> del Colegio de Ingenier\u00eda; <strong>518<\/strong> del Colegio de Artes y Ciencias; <strong>187<\/strong> del Colegio de Ciencias Agr\u00edcolas; y <strong>148<\/strong> del Colegio de Administraci\u00f3n de Empresas.<\/p>\n<p>Mientras, a nivel de maestr\u00eda, se otorgan <strong>184 grados<\/strong>: <strong>78<\/strong> de Artes y Ciencias, que incluyen las primeras tres maestr\u00edas en Literatura en Ingl\u00e9s; <strong>61<\/strong> de Ingenier\u00eda; <strong>28<\/strong> de Ciencias Agr\u00edcolas, que integran las primeras dos maestr\u00edas en Econom\u00eda Agr\u00edcola completamente en l\u00ednea; y <strong>17<\/strong> de Administraci\u00f3n de Empresas.<\/p>\n<p><a href=\"https:\/\/www.upr.edu\/wp-content\/uploads\/2026\/07\/3.jpg\"><img decoding=\"async\" class=\"lazyload alignleft wp-image-594539 size-medium\" src=\"https:\/\/www.upr.edu\/wp-content\/uploads\/2026\/07\/3-300x200.jpg\" data-orig-src=\"https:\/\/www.upr.edu\/wp-content\/uploads\/2026\/07\/3-300x200.jpg\" alt=\"Vista aerea del coliseo: La tarima, estudiantes y publico en las gradas.\" width=\"300\" height=\"200\" srcset=\"data:image\/svg+xml,%3Csvg%20xmlns%3D%27http%3A%2F%2Fwww.w3.org%2F2000%2Fsvg%27%20width%3D%27300%27%20height%3D%27200%27%20viewBox%3D%270%200%20300%20200%27%3E%3Crect%20width%3D%27300%27%20height%3D%27200%27%20fill-opacity%3D%220%22%2F%3E%3C%2Fsvg%3E\" data-srcset=\"https:\/\/www.upr.edu\/wp-content\/uploads\/2026\/07\/3-18x12.jpg 18w, https:\/\/www.upr.edu\/wp-content\/uploads\/2026\/07\/3-200x133.jpg 200w, https:\/\/www.upr.edu\/wp-content\/uploads\/2026\/07\/3-300x200.jpg 300w, https:\/\/www.upr.edu\/wp-content\/uploads\/2026\/07\/3-400x267.jpg 400w, https:\/\/www.upr.edu\/wp-content\/uploads\/2026\/07\/3-600x400.jpg 600w, https:\/\/www.upr.edu\/wp-content\/uploads\/2026\/07\/3-768x512.jpg 768w, https:\/\/www.upr.edu\/wp-content\/uploads\/2026\/07\/3-800x533.jpg 800w, https:\/\/www.upr.edu\/wp-content\/uploads\/2026\/07\/3-1024x682.jpg 1024w, https:\/\/www.upr.edu\/wp-content\/uploads\/2026\/07\/3-1200x800.jpg 1200w, https:\/\/www.upr.edu\/wp-content\/uploads\/2026\/07\/3-1536x1024.jpg 1536w\" data-sizes=\"auto\" data-orig-sizes=\"(max-width: 300px) 100vw, 300px\" \/><\/a>Adem\u00e1s, completaron su doctorado <strong>23 estudiantes<\/strong>: <strong>cinco<\/strong> en Qu\u00edmica Aplicada; <strong>cuatro<\/strong> en Psicolog\u00eda Escolar, grado que se otorga por primera vez; <strong>tres<\/strong> en Bioingenier\u00eda, Ciencias Marinas, Ingenier\u00eda El\u00e9ctrica e Ingenier\u00eda Qu\u00edmica, respectivamente; y <strong>uno<\/strong> en Ciencias e Ingenier\u00eda de la Informaci\u00f3n y la Computaci\u00f3n, as\u00ed como uno en Ingenier\u00eda Civil.<\/p>\n<\/p>\n<p>La Clase 113 del RUM tuvo representaci\u00f3n de 75 de los 78 municipios de Puerto Rico. Los 10 municipios con mayor n\u00famero de graduandos son: Mayag\u00fcez (349), San Juan (63), Cabo Rojo (62), Aguada (46), Caguas (45), San Sebasti\u00e1n (44), Aguadilla (41), Ponce (36), San Germ\u00e1n (36) y A\u00f1asco (35). Asimismo, Guaynabo y Moca registraron 35 graduandos cada uno.<\/p>\n<p>De otra parte, la Clase 2026 cont\u00f3 con <strong>76 estudiantes internacionales<\/strong>: <strong>47<\/strong> de Colombia. Dos de ellos, Adriana Mangones Cervantes y Ever R. P\u00e9rez Amara, son los primeros estudiantes internacionales de la Maestr\u00eda en Estudios Human\u00edsticos y Culturales; <strong>ocho<\/strong> de Per\u00fa; <strong>cinco<\/strong> de Honduras; <strong>tres<\/strong> de Hait\u00ed y Rep\u00fablica Dominicana, respectivamente; <strong>dos<\/strong> de Ecuador, Espa\u00f1a e India, respectivamente; y <strong>uno<\/strong> de Costa Rica, Cuba, M\u00e9xico y Venezuela, respectivamente.<\/p>\n<p>La doctora Zayira Jord\u00e1n Conde, presidenta de la UPR, y el doctor Miguel A. Mu\u00f1oz, rector interino del RUM, felicitaron a la clase graduanda, que se suma a los aproximadamente 98 mil egresados del RUM.<\/p>\n<p><a href=\"https:\/\/www.upr.edu\/wp-content\/uploads\/2026\/07\/4.jpg\"><img decoding=\"async\" class=\"lazyload alignleft wp-image-594540 size-medium\" src=\"https:\/\/www.upr.edu\/wp-content\/uploads\/2026\/07\/4-300x200.jpg\" data-orig-src=\"https:\/\/www.upr.edu\/wp-content\/uploads\/2026\/07\/4-300x200.jpg\" alt=\"Dos estudiantes en tarima sosteniendo la bandera de la UPR Recinto de Mayag\u00fcez\" width=\"300\" height=\"200\" srcset=\"data:image\/svg+xml,%3Csvg%20xmlns%3D%27http%3A%2F%2Fwww.w3.org%2F2000%2Fsvg%27%20width%3D%27300%27%20height%3D%27200%27%20viewBox%3D%270%200%20300%20200%27%3E%3Crect%20width%3D%27300%27%20height%3D%27200%27%20fill-opacity%3D%220%22%2F%3E%3C%2Fsvg%3E\" data-srcset=\"https:\/\/www.upr.edu\/wp-content\/uploads\/2026\/07\/4-18x12.jpg 18w, https:\/\/www.upr.edu\/wp-content\/uploads\/2026\/07\/4-200x133.jpg 200w, https:\/\/www.upr.edu\/wp-content\/uploads\/2026\/07\/4-300x200.jpg 300w, https:\/\/www.upr.edu\/wp-content\/uploads\/2026\/07\/4-400x267.jpg 400w, https:\/\/www.upr.edu\/wp-content\/uploads\/2026\/07\/4-600x400.jpg 600w, https:\/\/www.upr.edu\/wp-content\/uploads\/2026\/07\/4-768x512.jpg 768w, https:\/\/www.upr.edu\/wp-content\/uploads\/2026\/07\/4-800x533.jpg 800w, https:\/\/www.upr.edu\/wp-content\/uploads\/2026\/07\/4-1024x682.jpg 1024w, https:\/\/www.upr.edu\/wp-content\/uploads\/2026\/07\/4-1200x800.jpg 1200w, https:\/\/www.upr.edu\/wp-content\/uploads\/2026\/07\/4-1536x1024.jpg 1536w\" data-sizes=\"auto\" data-orig-sizes=\"(max-width: 300px) 100vw, 300px\" \/><\/a>\u201cFelicito a cada uno de nuestros graduandos por este logro, fruto de su esfuerzo, perseverancia y compromiso con su formaci\u00f3n acad\u00e9mica. Cada graduando representa una inversi\u00f3n en el futuro de Puerto Rico y una muestra del extraordinario talento que se forma en la Universidad de Puerto Rico. Hoy celebramos mucho m\u00e1s que la culminaci\u00f3n de una etapa acad\u00e9mica; celebramos el compromiso de una nueva generaci\u00f3n de profesionales llamada a liderar con conocimiento, integridad e innovaci\u00f3n. Desde la UPR continuaremos formando l\u00edderes capaces de transformar sus comunidades, impulsar el desarrollo y responder con excelencia a los desaf\u00edos de nuestro tiempo\u201d, indic\u00f3 la presidenta.<\/p>\n<p>\u201cHay lugares que ense\u00f1an mucho m\u00e1s de lo que aparece en un prontuario. El Recinto Universitario de Mayag\u00fcez es uno de ellos. Durante m\u00e1s de un siglo, miles de estudiantes han llegado a este campus con preguntas, sue\u00f1os y aspiraciones. Aqu\u00ed se vive la satisfacci\u00f3n de ense\u00f1ar, el placer de aprender y el desprendimiento de compartir experiencias y conocimiento. Esa ha sido, por generaciones, la esencia del Colegio. Hoy culminan una etapa que los prepar\u00f3 para afrontar nuevos desaf\u00edos con conocimiento, criterio y confianza. La educaci\u00f3n que hoy celebramos los capacita para continuar estudios graduados, integrarse a la industria, servir desde el sector p\u00fablico, emprender nuevos proyectos o abrir caminos que todav\u00eda no imaginan. Cualquiera que sea la ruta que elijan, recorran ese camino con integridad, responsabilidad y el deseo permanente de seguir aprendiendo\u201d, expres\u00f3, por su parte, el rector del RUM.<\/p>\n<p>Como ya es costumbre en el RUM, los padrinos fueron los colegiales de la Clase Graduada de 1976.<\/p>\n<p>La ceremonia se transmite por las redes oficiales de la instituci\u00f3n bajo las etiquetas <strong>#GradRUM2026<\/strong> y <strong>#GradRUM113<\/strong>.<\/p>\n<\/div><\/div><\/div><\/div><\/div>","protected":false},"excerpt":{"rendered":"El Recinto Universitario de Mayag\u00fcez (RUM) de la Universidad de  [...]","protected":false},"author":237,"featured_media":594537,"comment_status":"closed","ping_status":"open","sticky":false,"template":"","format":"standard","meta":{"_themeisle_gutenberg_block_has_review":false,"footnotes":""},"categories":[51],"tags":[],"class_list":["post-594541","post","type-post","status-publish","format-standard","has-post-thumbnail","hentry","category-comunicados"],"_links":{"self":[{"href":"https:\/\/www.upr.edu\/en\/wp-json\/wp\/v2\/posts\/594541","targetHints":{"allow":["GET"]}}],"collection":[{"href":"https:\/\/www.upr.edu\/en\/wp-json\/wp\/v2\/posts"}],"about":[{"href":"https:\/\/www.upr.edu\/en\/wp-json\/wp\/v2\/types\/post"}],"author":[{"embeddable":true,"href":"https:\/\/www.upr.edu\/en\/wp-json\/wp\/v2\/users\/237"}],"replies":[{"embeddable":true,"href":"https:\/\/www.upr.edu\/en\/wp-json\/wp\/v2\/comments?post=594541"}],"version-history":[{"count":1,"href":"https:\/\/www.upr.edu\/en\/wp-json\/wp\/v2\/posts\/594541\/revisions"}],"predecessor-version":[{"id":594542,"href":"https:\/\/www.upr.edu\/en\/wp-json\/wp\/v2\/posts\/594541\/revisions\/594542"}],"wp:featuredmedia":[{"embeddable":true,"href":"https:\/\/www.upr.edu\/en\/wp-json\/wp\/v2\/media\/594537"}],"wp:attachment":[{"href":"https:\/\/www.upr.edu\/en\/wp-json\/wp\/v2\/media?parent=594541"}],"wp:term":[{"taxonomy":"category","embeddable":true,"href":"https:\/\/www.upr.edu\/en\/wp-json\/wp\/v2\/categories?post=594541"},{"taxonomy":"post_tag","embeddable":true,"href":"https:\/\/www.upr.edu\/en\/wp-json\/wp\/v2\/tags?post=594541"}],"curies":[{"name":"wp","href":"https:\/\/api.w.org\/{rel}","templated":true}]}}