{"id":594527,"date":"2026-07-16T12:55:03","date_gmt":"2026-07-16T16:55:03","guid":{"rendered":"https:\/\/www.upr.edu\/?p=594527"},"modified":"2026-07-16T12:55:47","modified_gmt":"2026-07-16T16:55:47","slug":"cuatro-estudiantes-de-la-upr-rio-piedras-reciben-prestigiosas-becas-fulbright-para-el-ciclo-2026-2027","status":"publish","type":"post","link":"https:\/\/www.upr.edu\/en\/cuatro-estudiantes-de-la-upr-rio-piedras-reciben-prestigiosas-becas-fulbright-para-el-ciclo-2026-2027\/","title":{"rendered":"Cuatro estudiantes de la UPR-R\u00edo Piedras reciben prestigiosas becas Fulbright para el ciclo 2026-2027"},"content":{"rendered":"<div class=\"fusion-fullwidth fullwidth-box fusion-builder-row-1 fusion-flex-container has-pattern-background has-mask-background nonhundred-percent-fullwidth non-hundred-percent-height-scrolling\" style=\"--awb-border-radius-top-left:0px;--awb-border-radius-top-right:0px;--awb-border-radius-bottom-right:0px;--awb-border-radius-bottom-left:0px;--awb-flex-wrap:wrap;\" ><div class=\"fusion-builder-row fusion-row fusion-flex-align-items-flex-start fusion-flex-content-wrap\" style=\"max-width:1248px;margin-left: calc(-4% \/ 2 );margin-right: calc(-4% \/ 2 );\"><div class=\"fusion-layout-column fusion_builder_column fusion-builder-column-0 fusion_builder_column_1_1 1_1 fusion-flex-column\" style=\"--awb-bg-size:cover;--awb-width-large:100%;--awb-margin-top-large:0px;--awb-spacing-right-large:1.92%;--awb-margin-bottom-large:20px;--awb-spacing-left-large:1.92%;--awb-width-medium:100%;--awb-order-medium:0;--awb-spacing-right-medium:1.92%;--awb-spacing-left-medium:1.92%;--awb-width-small:100%;--awb-order-small:0;--awb-spacing-right-small:1.92%;--awb-spacing-left-small:1.92%;\"><div class=\"fusion-column-wrapper fusion-column-has-shadow fusion-flex-justify-content-flex-start fusion-content-layout-column\"><div class=\"fusion-text fusion-text-1\"><p><em>* La beca Fulbright les permitir\u00e1 realizar investigaciones, estudios graduados y proyectos de ense\u00f1anza en <\/em><em>Costa Rica, Corea del Sur, Taiw\u00e1n y Alemania<\/em><\/p>\n<\/p>\n<p>Cuatro estudiantes del Recinto de R\u00edo Piedras de la Universidad de Puerto Rico (RRP-UPR) fueron seleccionados para recibir las prestigiosas becas del Programa Fulbright para el ciclo acad\u00e9mico 2026-2027.<\/p>\n<p>Esta es una distinci\u00f3n internacional que promueve el intercambio educativo, la investigaci\u00f3n y el di\u00e1logo intercultural alrededor del mundo, ofreciendo oportunidades para realizar estudios graduados, investigaciones acad\u00e9micas o ense\u00f1anza del ingl\u00e9s en el extranjero. Asimismo, fomenta el desarrollo profesional y acad\u00e9mico de estudiantes destacados, mientras experimentan conexiones interculturales.<\/p>\n<p>Los estudiantes seleccionados para el ciclo 2026-2027 son Luke Meyers, estudiante de maestr\u00eda en Ciencias de C\u00f3mputos; Noelia M. Cuevas C\u00f3rdova, estudiante de bachillerato en Educaci\u00f3n Especial con certificaci\u00f3n en Ingl\u00e9s K-12; Stephanie Ortiz Espaillat, estudiante de bachillerato en Neurociencia; y Nat\u00e1n Irizarry D\u00edaz, del bachillerato en Ciencias Pol\u00edticas.<\/p>\n<p><strong><a href=\"https:\/\/www.upr.edu\/wp-content\/uploads\/2026\/07\/Luke-Meyes-UPR-Rio-Piedras-Beca-Fulbright-2026.jpg\" data-caption=\"\"><img decoding=\"async\" class=\"lazyload alignleft wp-image-594523\" src=\"https:\/\/www.upr.edu\/wp-content\/uploads\/2026\/07\/Luke-Meyes-UPR-Rio-Piedras-Beca-Fulbright-2026-300x289.jpg\" data-orig-src=\"https:\/\/www.upr.edu\/wp-content\/uploads\/2026\/07\/Luke-Meyes-UPR-Rio-Piedras-Beca-Fulbright-2026-300x289.jpg\" alt=\"Luke Meyers\" width=\"150\" srcset=\"data:image\/gif;base64,R0lGODlhAQABAAAAACH5BAEKAAEALAAAAAABAAEAAAICTAEAOw==\" data-srcset=\"https:\/\/www.upr.edu\/wp-content\/uploads\/2026\/07\/Luke-Meyes-UPR-Rio-Piedras-Beca-Fulbright-2026-12x12.jpg 12w, https:\/\/www.upr.edu\/wp-content\/uploads\/2026\/07\/Luke-Meyes-UPR-Rio-Piedras-Beca-Fulbright-2026-200x192.jpg 200w, https:\/\/www.upr.edu\/wp-content\/uploads\/2026\/07\/Luke-Meyes-UPR-Rio-Piedras-Beca-Fulbright-2026-300x289.jpg 300w, https:\/\/www.upr.edu\/wp-content\/uploads\/2026\/07\/Luke-Meyes-UPR-Rio-Piedras-Beca-Fulbright-2026-400x385.jpg 400w, https:\/\/www.upr.edu\/wp-content\/uploads\/2026\/07\/Luke-Meyes-UPR-Rio-Piedras-Beca-Fulbright-2026-600x577.jpg 600w, https:\/\/www.upr.edu\/wp-content\/uploads\/2026\/07\/Luke-Meyes-UPR-Rio-Piedras-Beca-Fulbright-2026-768x739.jpg 768w, https:\/\/www.upr.edu\/wp-content\/uploads\/2026\/07\/Luke-Meyes-UPR-Rio-Piedras-Beca-Fulbright-2026-800x769.jpg 800w, https:\/\/www.upr.edu\/wp-content\/uploads\/2026\/07\/Luke-Meyes-UPR-Rio-Piedras-Beca-Fulbright-2026-1024x985.jpg 1024w, https:\/\/www.upr.edu\/wp-content\/uploads\/2026\/07\/Luke-Meyes-UPR-Rio-Piedras-Beca-Fulbright-2026-1200x1154.jpg 1200w, https:\/\/www.upr.edu\/wp-content\/uploads\/2026\/07\/Luke-Meyes-UPR-Rio-Piedras-Beca-Fulbright-2026-1536x1477.jpg 1536w\" data-sizes=\"auto\" data-orig-sizes=\"(max-width: 300px) 100vw, 300px\" \/><\/a>Luke Meyers<\/strong>, de la Facultad de Ciencias Naturales, recibi\u00f3 un <em>Open Study\/Research Award<\/em> para realizar investigaci\u00f3n en Costa Rica con el proyecto <em>Flowering Phenology and Pollination in the Costa Rican P\u00e1ramo using Computer Vision and AI<\/em>.<\/p>\n<p>Su investigaci\u00f3n estudiar\u00e1 los patrones de floraci\u00f3n y las interacciones entre plantas y polinizadores en el ecosistema del p\u00e1ramo costarricense mediante el uso de inteligencia artificial y visi\u00f3n computacional. El proyecto surge de una experiencia acad\u00e9mica previa en Costa Rica y se enfocar\u00e1 en uno de los ecosistemas de alta monta\u00f1a m\u00e1s vulnerables al aumento de las temperaturas.<\/p>\n<p>\u201cCon Fulbright, trabajar\u00e9 con los doctores Alfredo Cascante Mar\u00edn y Eric Fuchs Castillo, de la Universidad de Costa Rica, para estudiar los patrones temporales de floraci\u00f3n y las interacciones con polinizadores en el p\u00e1ramo mediante trampas de c\u00e1mara, con el fin de comprender las conexiones ecol\u00f3gicas que sostienen este ecosistema y c\u00f3mo responder\u00e1 a un mundo cambiante\u201d, explic\u00f3 Meyers.<\/p>\n<p><strong><a href=\"https:\/\/www.upr.edu\/wp-content\/uploads\/2026\/07\/Noelia-M-Cuevas-Cordova-UPR-Rio-Piedras-Beca-Fulbright-2026-scaled.jpg\" data-caption=\"\"><img decoding=\"async\" class=\"lazyload alignleft wp-image-594525\" src=\"https:\/\/www.upr.edu\/wp-content\/uploads\/2026\/07\/Noelia-M-Cuevas-Cordova-UPR-Rio-Piedras-Beca-Fulbright-2026-200x300.jpg\" data-orig-src=\"https:\/\/www.upr.edu\/wp-content\/uploads\/2026\/07\/Noelia-M-Cuevas-Cordova-UPR-Rio-Piedras-Beca-Fulbright-2026-200x300.jpg\" alt=\"Noelia M. Cuevas C\u00f3rdova\" width=\"150\" height=\"225\" srcset=\"data:image\/svg+xml,%3Csvg%20xmlns%3D%27http%3A%2F%2Fwww.w3.org%2F2000%2Fsvg%27%20width%3D%27150%27%20height%3D%27225%27%20viewBox%3D%270%200%20150%20225%27%3E%3Crect%20width%3D%27150%27%20height%3D%27225%27%20fill-opacity%3D%220%22%2F%3E%3C%2Fsvg%3E\" data-srcset=\"https:\/\/www.upr.edu\/wp-content\/uploads\/2026\/07\/Noelia-M-Cuevas-Cordova-UPR-Rio-Piedras-Beca-Fulbright-2026-8x12.jpg 8w, https:\/\/www.upr.edu\/wp-content\/uploads\/2026\/07\/Noelia-M-Cuevas-Cordova-UPR-Rio-Piedras-Beca-Fulbright-2026-200x300.jpg 200w, https:\/\/www.upr.edu\/wp-content\/uploads\/2026\/07\/Noelia-M-Cuevas-Cordova-UPR-Rio-Piedras-Beca-Fulbright-2026-400x600.jpg 400w, https:\/\/www.upr.edu\/wp-content\/uploads\/2026\/07\/Noelia-M-Cuevas-Cordova-UPR-Rio-Piedras-Beca-Fulbright-2026-600x900.jpg 600w, https:\/\/www.upr.edu\/wp-content\/uploads\/2026\/07\/Noelia-M-Cuevas-Cordova-UPR-Rio-Piedras-Beca-Fulbright-2026-683x1024.jpg 683w, https:\/\/www.upr.edu\/wp-content\/uploads\/2026\/07\/Noelia-M-Cuevas-Cordova-UPR-Rio-Piedras-Beca-Fulbright-2026-768x1152.jpg 768w, https:\/\/www.upr.edu\/wp-content\/uploads\/2026\/07\/Noelia-M-Cuevas-Cordova-UPR-Rio-Piedras-Beca-Fulbright-2026-800x1200.jpg 800w, https:\/\/www.upr.edu\/wp-content\/uploads\/2026\/07\/Noelia-M-Cuevas-Cordova-UPR-Rio-Piedras-Beca-Fulbright-2026-1024x1536.jpg 1024w, https:\/\/www.upr.edu\/wp-content\/uploads\/2026\/07\/Noelia-M-Cuevas-Cordova-UPR-Rio-Piedras-Beca-Fulbright-2026-1200x1800.jpg 1200w, https:\/\/www.upr.edu\/wp-content\/uploads\/2026\/07\/Noelia-M-Cuevas-Cordova-UPR-Rio-Piedras-Beca-Fulbright-2026-1365x2048.jpg 1365w, https:\/\/www.upr.edu\/wp-content\/uploads\/2026\/07\/Noelia-M-Cuevas-Cordova-UPR-Rio-Piedras-Beca-Fulbright-2026-scaled.jpg 1707w\" data-sizes=\"auto\" data-orig-sizes=\"(max-width: 150px) 100vw, 150px\" \/><\/a>Noelia M. Cuevas C\u00f3rdova<\/strong>, de la Facultad de Educaci\u00f3n, fue seleccionada para un <em>English Teaching Assistantship<\/em> en Corea del Sur. Adem\u00e1s de su formaci\u00f3n acad\u00e9mica, Cuevas C\u00f3rdova practica Taekwondo desde hace 11 a\u00f1os y, actualmente, forma parte del equipo del recinto riopedrense, experiencia que fortaleci\u00f3 su inter\u00e9s por la cultura surcoreana.<\/p>\n<p>\u201cEsta oportunidad tambi\u00e9n representa una conexi\u00f3n muy especial con una cultura que admiro desde hace mucho tiempo. Estoy muy emocionada de comenzar este nuevo cap\u00edtulo en mi vida, aprender de ellos y, al mismo tiempo, compartir un poco de Puerto Rico, nuestra cultura y educaci\u00f3n con las comunidades que conocer\u00e9 e impactar\u00e9\u201d, comparti\u00f3 la futura educadora y taekwondista.<span style=\"background-color: rgba(0, 0, 0, 0);\"> <\/span><\/p>\n<p><strong><a href=\"https:\/\/www.upr.edu\/wp-content\/uploads\/2026\/07\/Stephanie-Ortiz-Espaillat-UPR-Rio-Piedras-Beca-Fulbright-2026-scaled.jpg\" data-caption=\"\"><img decoding=\"async\" class=\"lazyload alignleft wp-image-594526\" src=\"https:\/\/www.upr.edu\/wp-content\/uploads\/2026\/07\/Stephanie-Ortiz-Espaillat-UPR-Rio-Piedras-Beca-Fulbright-2026-300x200.jpg\" data-orig-src=\"https:\/\/www.upr.edu\/wp-content\/uploads\/2026\/07\/Stephanie-Ortiz-Espaillat-UPR-Rio-Piedras-Beca-Fulbright-2026-300x200.jpg\" alt=\"Stephanie Ortiz\" width=\"150\" srcset=\"data:image\/gif;base64,R0lGODlhAQABAAAAACH5BAEKAAEALAAAAAABAAEAAAICTAEAOw==\" data-srcset=\"https:\/\/www.upr.edu\/wp-content\/uploads\/2026\/07\/Stephanie-Ortiz-Espaillat-UPR-Rio-Piedras-Beca-Fulbright-2026-18x12.jpg 18w, https:\/\/www.upr.edu\/wp-content\/uploads\/2026\/07\/Stephanie-Ortiz-Espaillat-UPR-Rio-Piedras-Beca-Fulbright-2026-200x133.jpg 200w, https:\/\/www.upr.edu\/wp-content\/uploads\/2026\/07\/Stephanie-Ortiz-Espaillat-UPR-Rio-Piedras-Beca-Fulbright-2026-300x200.jpg 300w, https:\/\/www.upr.edu\/wp-content\/uploads\/2026\/07\/Stephanie-Ortiz-Espaillat-UPR-Rio-Piedras-Beca-Fulbright-2026-400x267.jpg 400w, https:\/\/www.upr.edu\/wp-content\/uploads\/2026\/07\/Stephanie-Ortiz-Espaillat-UPR-Rio-Piedras-Beca-Fulbright-2026-600x400.jpg 600w, https:\/\/www.upr.edu\/wp-content\/uploads\/2026\/07\/Stephanie-Ortiz-Espaillat-UPR-Rio-Piedras-Beca-Fulbright-2026-768x512.jpg 768w, https:\/\/www.upr.edu\/wp-content\/uploads\/2026\/07\/Stephanie-Ortiz-Espaillat-UPR-Rio-Piedras-Beca-Fulbright-2026-800x533.jpg 800w, https:\/\/www.upr.edu\/wp-content\/uploads\/2026\/07\/Stephanie-Ortiz-Espaillat-UPR-Rio-Piedras-Beca-Fulbright-2026-1024x683.jpg 1024w, https:\/\/www.upr.edu\/wp-content\/uploads\/2026\/07\/Stephanie-Ortiz-Espaillat-UPR-Rio-Piedras-Beca-Fulbright-2026-1200x800.jpg 1200w, https:\/\/www.upr.edu\/wp-content\/uploads\/2026\/07\/Stephanie-Ortiz-Espaillat-UPR-Rio-Piedras-Beca-Fulbright-2026-1536x1024.jpg 1536w\" data-sizes=\"auto\" data-orig-sizes=\"(max-width: 300px) 100vw, 300px\" \/><\/a>Stephanie Ortiz,<\/strong> tambi\u00e9n recibi\u00f3 un <em>Open Study\/Research Award<\/em> para realizar investigaci\u00f3n en Alemania con el proyecto <em>Building Pathways in Cellular and Molecular Neuroscience in Germany<\/em>.<\/p>\n<p>A trav\u00e9s de esta experiencia, Ortiz Espaillat busca ampliar su formaci\u00f3n en neurociencia celular y molecular, as\u00ed como fortalecer sus destrezas en investigaci\u00f3n biom\u00e9dica y colaboraci\u00f3n cient\u00edfica internacional.<\/p>\n<p>Su inter\u00e9s acad\u00e9mico se centra en comprender c\u00f3mo los procesos celulares y moleculares influyen en el comportamiento, el aprendizaje y las enfermedades neurol\u00f3gicas, por lo que esta oportunidad le permitir\u00e1 adquirir experiencia en entornos de investigaci\u00f3n avanzados y establecer v\u00ednculos con comunidades cient\u00edficas internacionales en su campo de estudio.<\/p>\n<p>\u201cEspero que esta oportunidad no solo contribuya a mi desarrollo acad\u00e9mico y profesional, sino que tambi\u00e9n me permita inspirar y apoyar a otros estudiantes interesados en la ciencia y la investigaci\u00f3n\u201d, expres\u00f3 Ortiz Espaillat, estudiante de la Facultad de Ciencias Naturales.<\/p>\n<p><strong><a href=\"https:\/\/www.upr.edu\/wp-content\/uploads\/2026\/07\/Natan-Irizarry-Diaz-UPR-Rio-Piedras-Beca-Fulbright-2026-27-scaled.jpg\" data-caption=\"\"><img decoding=\"async\" class=\"lazyload alignleft size-medium wp-image-594524\" src=\"https:\/\/www.upr.edu\/wp-content\/uploads\/2026\/07\/Natan-Irizarry-Diaz-UPR-Rio-Piedras-Beca-Fulbright-2026-27-168x300.jpg\" data-orig-src=\"https:\/\/www.upr.edu\/wp-content\/uploads\/2026\/07\/Natan-Irizarry-Diaz-UPR-Rio-Piedras-Beca-Fulbright-2026-27-168x300.jpg\" alt=\"Nat\u00e1n Irizarry D\u00edaz\" width=\"168\" height=\"300\" srcset=\"data:image\/svg+xml,%3Csvg%20xmlns%3D%27http%3A%2F%2Fwww.w3.org%2F2000%2Fsvg%27%20width%3D%27168%27%20height%3D%27300%27%20viewBox%3D%270%200%20168%20300%27%3E%3Crect%20width%3D%27168%27%20height%3D%27300%27%20fill-opacity%3D%220%22%2F%3E%3C%2Fsvg%3E\" data-srcset=\"https:\/\/www.upr.edu\/wp-content\/uploads\/2026\/07\/Natan-Irizarry-Diaz-UPR-Rio-Piedras-Beca-Fulbright-2026-27-7x12.jpg 7w, https:\/\/www.upr.edu\/wp-content\/uploads\/2026\/07\/Natan-Irizarry-Diaz-UPR-Rio-Piedras-Beca-Fulbright-2026-27-168x300.jpg 168w, https:\/\/www.upr.edu\/wp-content\/uploads\/2026\/07\/Natan-Irizarry-Diaz-UPR-Rio-Piedras-Beca-Fulbright-2026-27-200x357.jpg 200w, https:\/\/www.upr.edu\/wp-content\/uploads\/2026\/07\/Natan-Irizarry-Diaz-UPR-Rio-Piedras-Beca-Fulbright-2026-27-400x713.jpg 400w, https:\/\/www.upr.edu\/wp-content\/uploads\/2026\/07\/Natan-Irizarry-Diaz-UPR-Rio-Piedras-Beca-Fulbright-2026-27-574x1024.jpg 574w, https:\/\/www.upr.edu\/wp-content\/uploads\/2026\/07\/Natan-Irizarry-Diaz-UPR-Rio-Piedras-Beca-Fulbright-2026-27-600x1070.jpg 600w, https:\/\/www.upr.edu\/wp-content\/uploads\/2026\/07\/Natan-Irizarry-Diaz-UPR-Rio-Piedras-Beca-Fulbright-2026-27-768x1370.jpg 768w, https:\/\/www.upr.edu\/wp-content\/uploads\/2026\/07\/Natan-Irizarry-Diaz-UPR-Rio-Piedras-Beca-Fulbright-2026-27-800x1427.jpg 800w, https:\/\/www.upr.edu\/wp-content\/uploads\/2026\/07\/Natan-Irizarry-Diaz-UPR-Rio-Piedras-Beca-Fulbright-2026-27-861x1536.jpg 861w, https:\/\/www.upr.edu\/wp-content\/uploads\/2026\/07\/Natan-Irizarry-Diaz-UPR-Rio-Piedras-Beca-Fulbright-2026-27-1148x2048.jpg 1148w, https:\/\/www.upr.edu\/wp-content\/uploads\/2026\/07\/Natan-Irizarry-Diaz-UPR-Rio-Piedras-Beca-Fulbright-2026-27-1200x2140.jpg 1200w, https:\/\/www.upr.edu\/wp-content\/uploads\/2026\/07\/Natan-Irizarry-Diaz-UPR-Rio-Piedras-Beca-Fulbright-2026-27-scaled.jpg 1435w\" data-sizes=\"auto\" data-orig-sizes=\"(max-width: 168px) 100vw, 168px\" \/><\/a>Nat\u00e1n Irizarry D\u00edaz<\/strong>, egresado del bachillerato en Ciencias Pol\u00edticas, recibi\u00f3 el <em>National Taiwan Normal University Award in International Human Resource Development (MBA)<\/em>, para cursar estudios graduados en Taiw\u00e1n.<\/p>\n<p>Su proyecto, <em>Bridging Workforce Development and Global Trade: Advancing Inclusive Growth<\/em>, examina la relaci\u00f3n entre el desarrollo laboral y el comercio global desde una perspectiva de crecimiento inclusivo. A trav\u00e9s de sus estudios, analizar\u00e1 el modelo de desarrollo taiwan\u00e9s y el uso de tecnolog\u00edas emergentes para identificar estrategias que puedan contribuir al crecimiento econ\u00f3mico de comunidades hist\u00f3ricamente marginadas. Adem\u00e1s, explorar\u00e1 el potencial de la inteligencia artificial como herramienta para ampliar las oportunidades de desarrollo profesional y fortalecer la inclusi\u00f3n en el mercado laboral.<\/p>\n<p>\u201cFulbright es una oportunidad para demostrar que Puerto Rico tiene mucho que aportar a las grandes conversaciones globales sobre desarrollo econ\u00f3mico e inclusi\u00f3n\u201d, expres\u00f3 Irizarry D\u00edaz.<\/p>\n<p>La selecci\u00f3n de estos cuatro estudiantes reafirma el compromiso de la UPR-R\u00edo Piedras con la excelencia acad\u00e9mica, la investigaci\u00f3n y la formaci\u00f3n de estudiantes capaces de aportar soluciones innovadoras y fortalecer los v\u00ednculos internacionales desde diversas disciplinas del conocimiento.<\/p>\n<p>El <strong>Programa Fulbright <\/strong>representa una inversi\u00f3n en la paz y la colaboraci\u00f3n internacional a trav\u00e9s de la educaci\u00f3n y el intercambio cultural. Desde su creaci\u00f3n, la iniciativa ha brindado oportunidades transformadoras a cerca de 450,000 estudiantes, investigadores, docentes, artistas y profesionales en m\u00e1s de 160 pa\u00edses y territorios.<\/p>\n<\/div><\/div><\/div><\/div><\/div>","protected":false},"excerpt":{"rendered":"* La beca Fulbright les permitir\u00e1 realizar investigaciones, estudios graduados  [...]","protected":false},"author":237,"featured_media":594522,"comment_status":"closed","ping_status":"open","sticky":false,"template":"","format":"standard","meta":{"_themeisle_gutenberg_block_has_review":false,"footnotes":""},"categories":[51],"tags":[],"class_list":["post-594527","post","type-post","status-publish","format-standard","has-post-thumbnail","hentry","category-comunicados"],"_links":{"self":[{"href":"https:\/\/www.upr.edu\/en\/wp-json\/wp\/v2\/posts\/594527","targetHints":{"allow":["GET"]}}],"collection":[{"href":"https:\/\/www.upr.edu\/en\/wp-json\/wp\/v2\/posts"}],"about":[{"href":"https:\/\/www.upr.edu\/en\/wp-json\/wp\/v2\/types\/post"}],"author":[{"embeddable":true,"href":"https:\/\/www.upr.edu\/en\/wp-json\/wp\/v2\/users\/237"}],"replies":[{"embeddable":true,"href":"https:\/\/www.upr.edu\/en\/wp-json\/wp\/v2\/comments?post=594527"}],"version-history":[{"count":2,"href":"https:\/\/www.upr.edu\/en\/wp-json\/wp\/v2\/posts\/594527\/revisions"}],"predecessor-version":[{"id":594529,"href":"https:\/\/www.upr.edu\/en\/wp-json\/wp\/v2\/posts\/594527\/revisions\/594529"}],"wp:featuredmedia":[{"embeddable":true,"href":"https:\/\/www.upr.edu\/en\/wp-json\/wp\/v2\/media\/594522"}],"wp:attachment":[{"href":"https:\/\/www.upr.edu\/en\/wp-json\/wp\/v2\/media?parent=594527"}],"wp:term":[{"taxonomy":"category","embeddable":true,"href":"https:\/\/www.upr.edu\/en\/wp-json\/wp\/v2\/categories?post=594527"},{"taxonomy":"post_tag","embeddable":true,"href":"https:\/\/www.upr.edu\/en\/wp-json\/wp\/v2\/tags?post=594527"}],"curies":[{"name":"wp","href":"https:\/\/api.w.org\/{rel}","templated":true}]}}