{"id":594520,"date":"2026-07-16T12:33:57","date_gmt":"2026-07-16T16:33:57","guid":{"rendered":"https:\/\/www.upr.edu\/?p=594520"},"modified":"2026-07-16T12:33:57","modified_gmt":"2026-07-16T16:33:57","slug":"alianza-entre-el-recinto-de-ciencias-medicas-y-fundacion-para-el-futuro-de-la-salud-impulsa-la-formacion-de-especialistas-y-fortalece-el-futuro-del-sistema-de-salud-de-puerto-rico","status":"publish","type":"post","link":"https:\/\/www.upr.edu\/en\/alianza-entre-el-recinto-de-ciencias-medicas-y-fundacion-para-el-futuro-de-la-salud-impulsa-la-formacion-de-especialistas-y-fortalece-el-futuro-del-sistema-de-salud-de-puerto-rico\/","title":{"rendered":"Alianza entre el Recinto de Ciencias M\u00e9dicas y Fundaci\u00f3n para el Futuro de la Salud impulsa la formaci\u00f3n de especialistas y fortalece el futuro del sistema de salud de Puerto Rico"},"content":{"rendered":"<div class=\"fusion-fullwidth fullwidth-box fusion-builder-row-1 fusion-flex-container has-pattern-background has-mask-background nonhundred-percent-fullwidth non-hundred-percent-height-scrolling\" style=\"--awb-border-radius-top-left:0px;--awb-border-radius-top-right:0px;--awb-border-radius-bottom-right:0px;--awb-border-radius-bottom-left:0px;--awb-flex-wrap:wrap;\" ><div class=\"fusion-builder-row fusion-row fusion-flex-align-items-flex-start fusion-flex-content-wrap\" style=\"max-width:1248px;margin-left: calc(-4% \/ 2 );margin-right: calc(-4% \/ 2 );\"><div class=\"fusion-layout-column fusion_builder_column fusion-builder-column-0 fusion_builder_column_1_1 1_1 fusion-flex-column\" style=\"--awb-bg-size:cover;--awb-width-large:100%;--awb-margin-top-large:0px;--awb-spacing-right-large:1.92%;--awb-margin-bottom-large:20px;--awb-spacing-left-large:1.92%;--awb-width-medium:100%;--awb-order-medium:0;--awb-spacing-right-medium:1.92%;--awb-spacing-left-medium:1.92%;--awb-width-small:100%;--awb-order-small:0;--awb-spacing-right-small:1.92%;--awb-spacing-left-small:1.92%;\"><div class=\"fusion-column-wrapper fusion-column-has-shadow fusion-flex-justify-content-flex-start fusion-content-layout-column\"><div class=\"fusion-text fusion-text-1\"><p><strong><a href=\"https:\/\/www.upr.edu\/wp-content\/uploads\/2026\/07\/AlianzaFundacion.jpg\"><img decoding=\"async\" class=\"lazyload alignleft wp-image-594518 size-medium\" src=\"https:\/\/www.upr.edu\/wp-content\/uploads\/2026\/07\/AlianzaFundacion-300x200.jpg\" data-orig-src=\"https:\/\/www.upr.edu\/wp-content\/uploads\/2026\/07\/AlianzaFundacion-300x200.jpg\" alt=\"En la foto, de izquierda a derecha: Dra. Arelis Febles Negr\u00f3n, decana asociada de Educaci\u00f3n M\u00e9dica Graduada de la Escuela de Medicina del RCM-UPR.Dra. D\u00e9bora H. Silva D\u00edaz, decana de la Escuela de Medicina del RCM-UPR.Sra. Edna Mar\u00edn, directora de la Fundaci\u00f3n para el Futuro de la Salud.Dra. Adriana V\u00e1zquez, residente de Neurocirug\u00eda de la Escuela de Medicina del RCM-UPR.\" width=\"300\" height=\"200\" srcset=\"data:image\/svg+xml,%3Csvg%20xmlns%3D%27http%3A%2F%2Fwww.w3.org%2F2000%2Fsvg%27%20width%3D%27300%27%20height%3D%27200%27%20viewBox%3D%270%200%20300%20200%27%3E%3Crect%20width%3D%27300%27%20height%3D%27200%27%20fill-opacity%3D%220%22%2F%3E%3C%2Fsvg%3E\" data-srcset=\"https:\/\/www.upr.edu\/wp-content\/uploads\/2026\/07\/AlianzaFundacion-18x12.jpg 18w, https:\/\/www.upr.edu\/wp-content\/uploads\/2026\/07\/AlianzaFundacion-200x133.jpg 200w, https:\/\/www.upr.edu\/wp-content\/uploads\/2026\/07\/AlianzaFundacion-300x200.jpg 300w, https:\/\/www.upr.edu\/wp-content\/uploads\/2026\/07\/AlianzaFundacion-400x267.jpg 400w, https:\/\/www.upr.edu\/wp-content\/uploads\/2026\/07\/AlianzaFundacion-600x400.jpg 600w, https:\/\/www.upr.edu\/wp-content\/uploads\/2026\/07\/AlianzaFundacion-768x512.jpg 768w, https:\/\/www.upr.edu\/wp-content\/uploads\/2026\/07\/AlianzaFundacion-800x533.jpg 800w, https:\/\/www.upr.edu\/wp-content\/uploads\/2026\/07\/AlianzaFundacion-1024x683.jpg 1024w, https:\/\/www.upr.edu\/wp-content\/uploads\/2026\/07\/AlianzaFundacion-1200x800.jpg 1200w, https:\/\/www.upr.edu\/wp-content\/uploads\/2026\/07\/AlianzaFundacion-1536x1024.jpg 1536w, https:\/\/www.upr.edu\/wp-content\/uploads\/2026\/07\/AlianzaFundacion.jpg 1920w\" data-sizes=\"auto\" data-orig-sizes=\"(max-width: 300px) 100vw, 300px\" \/><\/a>San Juan \u2013<\/strong>&nbsp;En momentos en que Puerto Rico enfrenta una creciente escasez de m\u00e9dicos especialistas y limitaciones presupuestarias que dificultan la creaci\u00f3n de nuevas plazas de residencia, el Recinto de Ciencias M\u00e9dicas de la Universidad de Puerto Rico (RCM-UPR) y la Fundaci\u00f3n para el Futuro de la Salud de Puerto Rico formalizaron una alianza que representa una soluci\u00f3n concreta para fortalecer el sistema de salud del Pa\u00eds.<\/p>\n<p>Mediante este acuerdo colaborativo, la Fundaci\u00f3n asumir\u00e1 el financiamiento del estipendio de una plaza del Programa de Residencia en Neurocirug\u00eda de la Escuela de Medicina del RCM-UPR hasta la culminaci\u00f3n del entrenamiento de la Dra. Adriana V\u00e1zquez Medina en el a\u00f1o 2032.<\/p>\n<p>M\u00e1s all\u00e1 del respaldo econ\u00f3mico, la iniciativa libera recursos que pueden destinarse a la creaci\u00f3n de nuevas plazas de residencia, permitiendo que un mayor n\u00famero de m\u00e9dicos complete su formaci\u00f3n en Puerto Rico. Esto fortalece la capacidad del Pa\u00eds para retener talento m\u00e9dico y atender la creciente demanda de especialistas que enfrentan los pacientes.<\/p>\n<p>La alianza cobra a\u00fan mayor relevancia tras la reapertura, en 2025, del Programa de Residencia en Neurocirug\u00eda, luego de cumplir con los est\u00e1ndares del Accreditation Council on Graduate Medical Education (ACGME). Gracias a este esfuerzo conjunto, Puerto Rico no solo garantiza la continuidad del programa, sino que fortalece una especialidad cr\u00edtica para el acceso a servicios altamente especializados.<\/p>\n<p>\u00abAl reabrir el Programa de Residencia de Neurocirug\u00eda el a\u00f1o pasado, tras cumplir con los est\u00e1ndares requeridos por el Accreditation Council on Graduate Medical Education (ACGME), acordamos con la Fundaci\u00f3n para el Futuro de la Salud de Puerto Rico financiar la residencia de Adriana, quien est\u00e1 haciendo una labor extraordinaria y abriendo camino para futuros residentes de Neurocirug\u00eda en el Recinto de Ciencias M\u00e9dicas de la Universidad de Puerto Rico. Esta alianza representa una inversi\u00f3n directa en el talento y la excelencia acad\u00e9mica, fortaleciendo nuestro compromiso con la formaci\u00f3n de especialistas altamente capacitados que respondan a las necesidades de salud de nuestro pueblo\u00bb, explic\u00f3 la rectora del RCM-UPR, Dra. Myrna L. Qui\u00f1ones Feliciano, quien aclar\u00f3 que el primer a\u00f1o de residencia fue cubierto por el Departamento de Salud y que la Fundaci\u00f3n financiar\u00e1 desde el segundo a\u00f1o hasta completar su formaci\u00f3n.<\/p>\n<p>Por su parte, la directora ejecutiva de la Fundaci\u00f3n para el Futuro de la Salud de Puerto Rico, Edna Mar\u00edn, destac\u00f3 que esta alianza demuestra c\u00f3mo la colaboraci\u00f3n entre el tercer sector y la academia puede generar soluciones sostenibles para atender uno de los mayores retos que enfrenta Puerto Rico: la escasez de m\u00e9dicos especialistas.<\/p>\n<p>\u00abNuestra misi\u00f3n va mucho m\u00e1s all\u00e1 de financiar una residencia. Apostamos a un modelo que permita aumentar la cantidad de m\u00e9dicos especialistas que se forman en Puerto Rico y que encuentren aqu\u00ed las oportunidades para ejercer su profesi\u00f3n. Cada plaza de residencia que logramos preservar o crear representa un m\u00e9dico m\u00e1s con mayores probabilidades de quedarse sirviendo a nuestra gente. Cuando el tercer sector se une al Gobierno y a la academia, Podemos desarrollar soluciones reales que fortalezcan el sistema de salud y mejoren el acceso de los pacientes a la atenci\u00f3n m\u00e9dica que necesitan\u00bb, asegur\u00f3 Mar\u00edn.<\/p>\n<p>La Fundaci\u00f3n invertir\u00e1 $319,586.12 para cubrir el estipendio de la plaza que ocupa actualmente la Dra. V\u00e1zquez Medina hasta completar su residencia en 2032.<\/p>\n<p>La decana de la Escuela de Medicina del RCM-UPR, Dra. D\u00e9bora H. Silva D\u00edaz, agradeci\u00f3 a la Fundaci\u00f3n por su gran aportaci\u00f3n y resalt\u00f3 la importancia que otras entidades emulen su ejemplo para poder continuar desarrollando futuros profesionales que se queden en Puerto Rico.<\/p>\n<p>\u00abCuando apoyamos a un residente, no solo respaldamos la formaci\u00f3n de un m\u00e9dico: estamos invirtiendo en la salud y la calidad de vida de todo Puerto Rico. Este tipo de alianzas fortalece la formaci\u00f3n de nuestros m\u00e9dicos especialistas y contribuye a que Puerto Rico pueda entrenar los profesionales altamente capacitados que nuestra poblaci\u00f3n necesita. Seg\u00fan la Asociaci\u00f3n Americana de Escuelas de Medicina, AAMC por sus siglas en ingl\u00e9s, Puerto Rico es el segundo estado o territorio donde los graduados de residencias m\u00e9dicas m\u00e1s se quedan a formar parte de la fuerza laboral. Aumentar el n\u00famero de residentes que entrenamos es un mecanismo de aumentar el n\u00famero total de especialistas m\u00e9dicos en la Isla. Pero para aumentar el n\u00famero de residentes se necesita financiamiento. Confiamos en que este gesto inspire a otras organizaciones, fundaciones y al sector privado a unirse a este esfuerzo colectivo para apoyar la educaci\u00f3n m\u00e9dica graduada, pues \u00e9sta representa el futuro de nuestro sistema de salud y el bienestar de nuestro pueblo. Esperamos que este ejemplo marque el camino para que m\u00e1s entidades se sumen a esta misi\u00f3n compartida, sostuvo Silva D\u00edaz, acompa\u00f1ada por la Dra. Arelis Febles Negr\u00f3n, decana asociada de Educaci\u00f3n M\u00e9dica Graduada de la Escuela de Medicina del RCM-UPR.<\/p>\n<p>Por su parte, la presidenta de la UPR, Dra. Zayira Jord\u00e1n Conde, recalc\u00f3 que \u00abla Universidad de Puerto Rico tiene la misi\u00f3n de formar el talento m\u00e9dico especializado que Puerto Rico necesita para fortalecer su sistema de salud. Esta alianza entre el Recinto de Ciencias M\u00e9dicas y la Fundaci\u00f3n para el Futuro de la Salud demuestra que, cuando la academia y el tercer sector unen esfuerzos con un prop\u00f3sito com\u00fan, es posible ampliar las oportunidades de formaci\u00f3n, retener profesionales altamente capacitados y asegurar que ese conocimiento permanezca al servicio de nuestra gente. Invertir en nuestros residentes es invertir en un sistema de salud m\u00e1s s\u00f3lido, con mayor capacidad para responder a las necesidades presentes y futuras de Puerto Rico\u00bb.<\/p>\n<p>Este esfuerzo representa el inicio de un modelo de colaboraci\u00f3n que puede replicarse en otras especialidades m\u00e9dicas, permitiendo que m\u00e1s organizaciones del sector sin fines de lucro y privado contribuyan al desarrollo del talento m\u00e9dico y a la sostenibilidad del sistema de salud del Pa\u00eds.<\/p>\n<\/div><\/div><\/div><\/div><\/div>","protected":false},"excerpt":{"rendered":"San Juan \u2013&nbsp;En momentos en que Puerto Rico enfrenta una  [...]","protected":false},"author":237,"featured_media":594519,"comment_status":"closed","ping_status":"open","sticky":false,"template":"","format":"standard","meta":{"_themeisle_gutenberg_block_has_review":false,"footnotes":""},"categories":[51],"tags":[],"class_list":["post-594520","post","type-post","status-publish","format-standard","has-post-thumbnail","hentry","category-comunicados"],"_links":{"self":[{"href":"https:\/\/www.upr.edu\/en\/wp-json\/wp\/v2\/posts\/594520","targetHints":{"allow":["GET"]}}],"collection":[{"href":"https:\/\/www.upr.edu\/en\/wp-json\/wp\/v2\/posts"}],"about":[{"href":"https:\/\/www.upr.edu\/en\/wp-json\/wp\/v2\/types\/post"}],"author":[{"embeddable":true,"href":"https:\/\/www.upr.edu\/en\/wp-json\/wp\/v2\/users\/237"}],"replies":[{"embeddable":true,"href":"https:\/\/www.upr.edu\/en\/wp-json\/wp\/v2\/comments?post=594520"}],"version-history":[{"count":1,"href":"https:\/\/www.upr.edu\/en\/wp-json\/wp\/v2\/posts\/594520\/revisions"}],"predecessor-version":[{"id":594521,"href":"https:\/\/www.upr.edu\/en\/wp-json\/wp\/v2\/posts\/594520\/revisions\/594521"}],"wp:featuredmedia":[{"embeddable":true,"href":"https:\/\/www.upr.edu\/en\/wp-json\/wp\/v2\/media\/594519"}],"wp:attachment":[{"href":"https:\/\/www.upr.edu\/en\/wp-json\/wp\/v2\/media?parent=594520"}],"wp:term":[{"taxonomy":"category","embeddable":true,"href":"https:\/\/www.upr.edu\/en\/wp-json\/wp\/v2\/categories?post=594520"},{"taxonomy":"post_tag","embeddable":true,"href":"https:\/\/www.upr.edu\/en\/wp-json\/wp\/v2\/tags?post=594520"}],"curies":[{"name":"wp","href":"https:\/\/api.w.org\/{rel}","templated":true}]}}