{"id":565141,"date":"2026-07-09T14:37:44","date_gmt":"2026-07-09T18:37:44","guid":{"rendered":"https:\/\/www.upr.edu\/?p=565141"},"modified":"2026-07-09T14:37:44","modified_gmt":"2026-07-09T18:37:44","slug":"comunidad-universitaria-de-la-upr-en-humacao-responde-con-solidaridad-en-apoyo-a-la-comunidad-venezolana","status":"publish","type":"post","link":"https:\/\/www.upr.edu\/en\/comunidad-universitaria-de-la-upr-en-humacao-responde-con-solidaridad-en-apoyo-a-la-comunidad-venezolana\/","title":{"rendered":"Comunidad universitaria de la UPR en Humacao responde con solidaridad en apoyo a la comunidad venezolana"},"content":{"rendered":"<div class=\"fusion-fullwidth fullwidth-box fusion-builder-row-1 fusion-flex-container has-pattern-background has-mask-background nonhundred-percent-fullwidth non-hundred-percent-height-scrolling\" style=\"--awb-border-radius-top-left:0px;--awb-border-radius-top-right:0px;--awb-border-radius-bottom-right:0px;--awb-border-radius-bottom-left:0px;--awb-flex-wrap:wrap;\" ><div class=\"fusion-builder-row fusion-row fusion-flex-align-items-flex-start fusion-flex-content-wrap\" style=\"max-width:1248px;margin-left: calc(-4% \/ 2 );margin-right: calc(-4% \/ 2 );\"><div class=\"fusion-layout-column fusion_builder_column fusion-builder-column-0 fusion_builder_column_1_1 1_1 fusion-flex-column\" style=\"--awb-bg-size:cover;--awb-width-large:100%;--awb-margin-top-large:0px;--awb-spacing-right-large:1.92%;--awb-margin-bottom-large:20px;--awb-spacing-left-large:1.92%;--awb-width-medium:100%;--awb-order-medium:0;--awb-spacing-right-medium:1.92%;--awb-spacing-left-medium:1.92%;--awb-width-small:100%;--awb-order-small:0;--awb-spacing-right-small:1.92%;--awb-spacing-left-small:1.92%;\"><div class=\"fusion-column-wrapper fusion-column-has-shadow fusion-flex-justify-content-flex-start fusion-content-layout-column\"><div class=\"fusion-text fusion-text-1\"><p><strong><a href=\"https:\/\/www.upr.edu\/wp-content\/uploads\/2026\/07\/Parte-del-Ewquipo-de-Trabajo-que-colaboro-en-Acopio.jpg\"><img decoding=\"async\" class=\"lazyload alignleft wp-image-565139 size-medium\" src=\"https:\/\/www.upr.edu\/wp-content\/uploads\/2026\/07\/Parte-del-Ewquipo-de-Trabajo-que-colaboro-en-Acopio-300x225.jpg\" data-orig-src=\"https:\/\/www.upr.edu\/wp-content\/uploads\/2026\/07\/Parte-del-Ewquipo-de-Trabajo-que-colaboro-en-Acopio-300x225.jpg\" alt=\"Parte del Ewquipo de Trabajo que colaboro\u0301 en Acopio\" width=\"300\" height=\"225\" srcset=\"data:image\/svg+xml,%3Csvg%20xmlns%3D%27http%3A%2F%2Fwww.w3.org%2F2000%2Fsvg%27%20width%3D%27300%27%20height%3D%27225%27%20viewBox%3D%270%200%20300%20225%27%3E%3Crect%20width%3D%27300%27%20height%3D%27225%27%20fill-opacity%3D%220%22%2F%3E%3C%2Fsvg%3E\" data-srcset=\"https:\/\/www.upr.edu\/wp-content\/uploads\/2026\/07\/Parte-del-Ewquipo-de-Trabajo-que-colaboro-en-Acopio-16x12.jpg 16w, https:\/\/www.upr.edu\/wp-content\/uploads\/2026\/07\/Parte-del-Ewquipo-de-Trabajo-que-colaboro-en-Acopio-200x150.jpg 200w, https:\/\/www.upr.edu\/wp-content\/uploads\/2026\/07\/Parte-del-Ewquipo-de-Trabajo-que-colaboro-en-Acopio-300x225.jpg 300w, https:\/\/www.upr.edu\/wp-content\/uploads\/2026\/07\/Parte-del-Ewquipo-de-Trabajo-que-colaboro-en-Acopio-400x300.jpg 400w, https:\/\/www.upr.edu\/wp-content\/uploads\/2026\/07\/Parte-del-Ewquipo-de-Trabajo-que-colaboro-en-Acopio-600x450.jpg 600w, https:\/\/www.upr.edu\/wp-content\/uploads\/2026\/07\/Parte-del-Ewquipo-de-Trabajo-que-colaboro-en-Acopio-768x576.jpg 768w, https:\/\/www.upr.edu\/wp-content\/uploads\/2026\/07\/Parte-del-Ewquipo-de-Trabajo-que-colaboro-en-Acopio-800x600.jpg 800w, https:\/\/www.upr.edu\/wp-content\/uploads\/2026\/07\/Parte-del-Ewquipo-de-Trabajo-que-colaboro-en-Acopio-1024x768.jpg 1024w, https:\/\/www.upr.edu\/wp-content\/uploads\/2026\/07\/Parte-del-Ewquipo-de-Trabajo-que-colaboro-en-Acopio-1200x900.jpg 1200w, https:\/\/www.upr.edu\/wp-content\/uploads\/2026\/07\/Parte-del-Ewquipo-de-Trabajo-que-colaboro-en-Acopio-1536x1152.jpg 1536w, https:\/\/www.upr.edu\/wp-content\/uploads\/2026\/07\/Parte-del-Ewquipo-de-Trabajo-que-colaboro-en-Acopio.jpg 1600w\" data-sizes=\"auto\" data-orig-sizes=\"(max-width: 300px) 100vw, 300px\" \/><\/a>Humacao, Puerto Rico<\/strong> \u2013 La Universidad de Puerto Rico en Humacao (UPRH) reafirm\u00f3 su compromiso con la solidaridad y el servicio al culminar exitosamente un centro de acopio para apoyar a la comunidad venezolana. La iniciativa cont\u00f3 con la participaci\u00f3n de estudiantes, empleados y voluntarios, quienes respondieron al llamado de ayuda con generosidad y compromiso.&nbsp;<\/p>\n<p>Durante varios d\u00edas, personal administrativo, estudiantes y voluntarios unieron esfuerzos para recibir, clasificar y organizar los donativos. Como resultado del esfuerzo colectivo, se recopilaron 32 cajas de agua embotellada, as\u00ed como 45 cajas que contienen 1,094 art\u00edculos de primera necesidad, entre ellos: alimentos no perecederos, art\u00edculos de higiene personal, pa\u00f1ales para beb\u00e9s y adultos, as\u00ed como otros suministros esenciales destinados a atender las necesidades de familias venezolanas. Los donativos fueron entregados hoy en el Coliseo Mario \u00abQuijote\u00bb Morales en Guaynabo, desde donde ser\u00e1n organizados para su posterior env\u00edo a Venezuela.&nbsp;<\/p>\n<p>El rector de la Universidad de Puerto Rico en Humacao, Dr. Edwin Mojica Rodr\u00edguez, agradeci\u00f3 la respuesta de la comunidad universitaria y destac\u00f3 que iniciativas como esta reflejan los valores que distinguen a la instituci\u00f3n.&nbsp;<\/p>\n<p>\u00abLa respuesta de nuestra comunidad universitaria demuestra que la Universidad de Puerto Rico en Humacao trasciende la formaci\u00f3n acad\u00e9mica para convertirse en un espacio donde tambi\u00e9n se cultivan la solidaridad, la empat\u00eda y el compromiso con los dem\u00e1s. Cada donativo representa un gesto de esperanza para quienes atraviesan momentos dif\u00edciles y evidencia que, cuando nos unimos por una causa com\u00fan, podemos generar un impacto significativo en la vida de otras personas. Agradezco profundamente a todas las personas que respondieron a este llamado solidario.\u00bb&nbsp;<\/p>\n<p>El Dr. Mojica Rodr\u00edguez tambi\u00e9n reconoci\u00f3 la labor del personal del Decanato de Estudiantes, la Oficina de Calidad de Vida y de todos los colaboradores que hicieron posible la iniciativa, desde la recepci\u00f3n y clasificaci\u00f3n de los art\u00edculos hasta la preparaci\u00f3n de los donativos para su entrega.&nbsp;<\/p>\n<p>\u00abMi reconocimiento a cada empleado, estudiante y voluntario que dedic\u00f3 su tiempo y esfuerzo para hacer posible este centro de acopio. Su compromiso demuestra que el servicio a los dem\u00e1s contin\u00faa siendo uno de los valores que distinguen a nuestra comunidad universitaria\u201d, concluy\u00f3 el rector Mojica.&nbsp;<\/p>\n<p>La iniciativa fue coordinada como parte del compromiso institucional de promover acciones de servicio y solidaridad que respondan a las necesidades de las comunidades dentro y fuera de Puerto Rico. M\u00e1s all\u00e1 de la ayuda material, este esfuerzo reafirma el compromiso de la Universidad de Puerto Rico en Humacao con la responsabilidad social y el servicio, pilares fundamentales de su misi\u00f3n educativa y de su v\u00ednculo permanente con las comunidades.<\/p>\n<\/div><\/div><\/div><\/div><\/div>","protected":false},"excerpt":{"rendered":"Humacao, Puerto Rico \u2013 La Universidad de Puerto Rico en  [...]","protected":false},"author":237,"featured_media":565140,"comment_status":"closed","ping_status":"open","sticky":false,"template":"","format":"standard","meta":{"_themeisle_gutenberg_block_has_review":false,"footnotes":""},"categories":[51],"tags":[],"class_list":["post-565141","post","type-post","status-publish","format-standard","has-post-thumbnail","hentry","category-comunicados"],"_links":{"self":[{"href":"https:\/\/www.upr.edu\/en\/wp-json\/wp\/v2\/posts\/565141","targetHints":{"allow":["GET"]}}],"collection":[{"href":"https:\/\/www.upr.edu\/en\/wp-json\/wp\/v2\/posts"}],"about":[{"href":"https:\/\/www.upr.edu\/en\/wp-json\/wp\/v2\/types\/post"}],"author":[{"embeddable":true,"href":"https:\/\/www.upr.edu\/en\/wp-json\/wp\/v2\/users\/237"}],"replies":[{"embeddable":true,"href":"https:\/\/www.upr.edu\/en\/wp-json\/wp\/v2\/comments?post=565141"}],"version-history":[{"count":1,"href":"https:\/\/www.upr.edu\/en\/wp-json\/wp\/v2\/posts\/565141\/revisions"}],"predecessor-version":[{"id":565142,"href":"https:\/\/www.upr.edu\/en\/wp-json\/wp\/v2\/posts\/565141\/revisions\/565142"}],"wp:featuredmedia":[{"embeddable":true,"href":"https:\/\/www.upr.edu\/en\/wp-json\/wp\/v2\/media\/565140"}],"wp:attachment":[{"href":"https:\/\/www.upr.edu\/en\/wp-json\/wp\/v2\/media?parent=565141"}],"wp:term":[{"taxonomy":"category","embeddable":true,"href":"https:\/\/www.upr.edu\/en\/wp-json\/wp\/v2\/categories?post=565141"},{"taxonomy":"post_tag","embeddable":true,"href":"https:\/\/www.upr.edu\/en\/wp-json\/wp\/v2\/tags?post=565141"}],"curies":[{"name":"wp","href":"https:\/\/api.w.org\/{rel}","templated":true}]}}