{"id":43332,"date":"2024-03-19T10:54:02","date_gmt":"2024-03-19T14:54:02","guid":{"rendered":"https:\/\/www.upr.edu\/?p=43332"},"modified":"2024-03-19T10:54:02","modified_gmt":"2024-03-19T14:54:02","slug":"catedratico-de-la-universidad-de-puerto-rico-en-carolina-a-educar-sobre-el-cambio-climatico-en-la-universidad-de-yale","status":"publish","type":"post","link":"https:\/\/www.upr.edu\/en\/catedratico-de-la-universidad-de-puerto-rico-en-carolina-a-educar-sobre-el-cambio-climatico-en-la-universidad-de-yale\/","title":{"rendered":"Catedr\u00e1tico de la Universidad de Puerto Rico en Carolina a Educar Sobre el Cambio Climatico en la Universidad de Yale"},"content":{"rendered":"<div class=\"fusion-fullwidth fullwidth-box fusion-builder-row-1 fusion-flex-container has-pattern-background has-mask-background nonhundred-percent-fullwidth non-hundred-percent-height-scrolling\" style=\"--awb-border-radius-top-left:0px;--awb-border-radius-top-right:0px;--awb-border-radius-bottom-right:0px;--awb-border-radius-bottom-left:0px;--awb-flex-wrap:wrap;\" ><div class=\"fusion-builder-row fusion-row fusion-flex-align-items-flex-start fusion-flex-content-wrap\" style=\"max-width:1248px;margin-left: calc(-4% \/ 2 );margin-right: calc(-4% \/ 2 );\"><div class=\"fusion-layout-column fusion_builder_column fusion-builder-column-0 fusion_builder_column_1_1 1_1 fusion-flex-column\" style=\"--awb-bg-size:cover;--awb-width-large:100%;--awb-margin-top-large:0px;--awb-spacing-right-large:1.92%;--awb-margin-bottom-large:20px;--awb-spacing-left-large:1.92%;--awb-width-medium:100%;--awb-order-medium:0;--awb-spacing-right-medium:1.92%;--awb-spacing-left-medium:1.92%;--awb-width-small:100%;--awb-order-small:0;--awb-spacing-right-small:1.92%;--awb-spacing-left-small:1.92%;\"><div class=\"fusion-column-wrapper fusion-column-has-shadow fusion-flex-justify-content-flex-start fusion-content-layout-column\"><div class=\"fusion-text fusion-text-1\"><div id=\"attachment_43331\" style=\"width: 310px\" class=\"wp-caption alignleft\"><a href=\"http:\/\/www.upr.edu\/wp-content\/uploads\/2024\/03\/Dr.-Rafael-Mendez.jpg\"><img decoding=\"async\" aria-describedby=\"caption-attachment-43331\" class=\"lazyload wp-image-43331 size-medium\" src=\"http:\/\/www.upr.edu\/wp-content\/uploads\/2024\/03\/Dr.-Rafael-Mendez-300x200.jpg\" data-orig-src=\"http:\/\/www.upr.edu\/wp-content\/uploads\/2024\/03\/Dr.-Rafael-Mendez-300x200.jpg\" alt=\"Dr. Rafael M\u00e9ndez Tejeda\" width=\"300\" height=\"200\" srcset=\"data:image\/svg+xml,%3Csvg%20xmlns%3D%27http%3A%2F%2Fwww.w3.org%2F2000%2Fsvg%27%20width%3D%27300%27%20height%3D%27200%27%20viewBox%3D%270%200%20300%20200%27%3E%3Crect%20width%3D%27300%27%20height%3D%27200%27%20fill-opacity%3D%220%22%2F%3E%3C%2Fsvg%3E\" data-srcset=\"https:\/\/www.upr.edu\/wp-content\/uploads\/2024\/03\/Dr.-Rafael-Mendez-18x12.jpg 18w, https:\/\/www.upr.edu\/wp-content\/uploads\/2024\/03\/Dr.-Rafael-Mendez-200x133.jpg 200w, https:\/\/www.upr.edu\/wp-content\/uploads\/2024\/03\/Dr.-Rafael-Mendez-300x200.jpg 300w, https:\/\/www.upr.edu\/wp-content\/uploads\/2024\/03\/Dr.-Rafael-Mendez-400x267.jpg 400w, https:\/\/www.upr.edu\/wp-content\/uploads\/2024\/03\/Dr.-Rafael-Mendez-600x400.jpg 600w, https:\/\/www.upr.edu\/wp-content\/uploads\/2024\/03\/Dr.-Rafael-Mendez-768x512.jpg 768w, https:\/\/www.upr.edu\/wp-content\/uploads\/2024\/03\/Dr.-Rafael-Mendez-800x534.jpg 800w, https:\/\/www.upr.edu\/wp-content\/uploads\/2024\/03\/Dr.-Rafael-Mendez-1024x683.jpg 1024w, https:\/\/www.upr.edu\/wp-content\/uploads\/2024\/03\/Dr.-Rafael-Mendez-1200x800.jpg 1200w, https:\/\/www.upr.edu\/wp-content\/uploads\/2024\/03\/Dr.-Rafael-Mendez-1536x1024.jpg 1536w, https:\/\/www.upr.edu\/wp-content\/uploads\/2024\/03\/Dr.-Rafael-Mendez.jpg 1600w\" data-sizes=\"auto\" data-orig-sizes=\"(max-width: 300px) 100vw, 300px\" \/><\/a><p id=\"caption-attachment-43331\" class=\"wp-caption-text\">Dr. Rafael M\u00e9ndez Tejeda<\/p><\/div>\n<p><strong>Carolina, Puerto Rico<\/strong> \u2013 Recientemente, el Dr. Rafael M\u00e9ndez Tejeda, catedr\u00e1tico de la Universidad de Puerto Rico en Carolina, fue nombrado como parte del equipo colaborativo de Yale Climate Connections (YCC). Este servicio de noticias, integrado por cient\u00edficos, periodistas profesionales, meteor\u00f3logos y productores de radio, se dedica a proveer informaci\u00f3n del cambio clim\u00e1tico basada en datos cient\u00edficos. Sara Peach es la jefa de redacci\u00f3n y Perla Marvell es la editora de YCC en Espa\u00f1ol. Yale Climate Connections es una iniciativa del Programa de la Comunicaci\u00f3n del Cambio Clim\u00e1tico, dirigido por el Dr. Anthony Leiserowitz de la Escuela de Medioambiente de la Universidad de Yale.<\/p>\n<p>\u201cEl Dr. Rafael M\u00e9ndez Tejeda ha ocupado roles cr\u00edticos en nuestro recinto, incluyendo el puesto de Decano de Asuntos Acad\u00e9micos, as\u00ed como la direcci\u00f3n del Centro de Investigaci\u00f3n Multidisciplinaria. Actualmente es miembro de la Junta Universitaria de la Universidad de Puerto Rico. Su nombramiento como parte de este equipo colaborativo representa un gran logro para la instituci\u00f3n, y demuestra una vez m\u00e1s la calidad de los aportes que desde la academia se realizan para el pa\u00eds y el mundo entero. Toda labor de concienciaci\u00f3n sobre el cambio clim\u00e1tico y sus efectos es vital para la planificaci\u00f3n de nuestro futuro. \u00a1Enhorabuena, Dr. M\u00e9ndez Tejeda!\u201d, sostuvo el Dr. Jos\u00e9 Ignacio Meza Pereira, rector de la Universidad de Puerto Rico en Carolina.<\/p>\n<p>El Dr. M\u00e9ndez Tejeda posee un doctorado en F\u00edsica con \u00e9nfasis en Climatolog\u00eda de la Universidad Complutense de Madrid, una maestr\u00eda en F\u00edsica con enfoque en Radioastronom\u00eda de la Universidad de Puerto Rico, y realiz\u00f3 un Postdoctorado en la Universidad de Florida sobre el impacto del Fen\u00f3meno del El Ni\u00f1o en el Caribe. Ha publicado varios libros sobre el tema del calentamiento global y la gesti\u00f3n del clima en el Caribe, as\u00ed como numerosos art\u00edculos en revistas sobre temas relacionados. Es miembro del Comit\u00e9 de Expertos y Asesores sobre el Cambio Clim\u00e1tico (CEACC) cuya encomienda es esbozar un plan de mitigaci\u00f3n, adaptaci\u00f3n y resiliencia en la Isla, y lidera proyectos de investigaci\u00f3n sobre erosi\u00f3n costera, gesti\u00f3n del clima y huracanes en el Atl\u00e1ntico Norte.<\/p>\n<\/div><\/div><\/div><\/div><\/div>","protected":false},"excerpt":{"rendered":"Dr. Rafael M\u00e9ndez Tejeda Carolina, Puerto Rico \u2013 Recientemente, el  [...]","protected":false},"author":237,"featured_media":43331,"comment_status":"closed","ping_status":"open","sticky":false,"template":"","format":"standard","meta":{"_themeisle_gutenberg_block_has_review":false,"footnotes":""},"categories":[51],"tags":[],"class_list":["post-43332","post","type-post","status-publish","format-standard","has-post-thumbnail","hentry","category-comunicados"],"_links":{"self":[{"href":"https:\/\/www.upr.edu\/en\/wp-json\/wp\/v2\/posts\/43332","targetHints":{"allow":["GET"]}}],"collection":[{"href":"https:\/\/www.upr.edu\/en\/wp-json\/wp\/v2\/posts"}],"about":[{"href":"https:\/\/www.upr.edu\/en\/wp-json\/wp\/v2\/types\/post"}],"author":[{"embeddable":true,"href":"https:\/\/www.upr.edu\/en\/wp-json\/wp\/v2\/users\/237"}],"replies":[{"embeddable":true,"href":"https:\/\/www.upr.edu\/en\/wp-json\/wp\/v2\/comments?post=43332"}],"version-history":[{"count":1,"href":"https:\/\/www.upr.edu\/en\/wp-json\/wp\/v2\/posts\/43332\/revisions"}],"predecessor-version":[{"id":43333,"href":"https:\/\/www.upr.edu\/en\/wp-json\/wp\/v2\/posts\/43332\/revisions\/43333"}],"wp:featuredmedia":[{"embeddable":true,"href":"https:\/\/www.upr.edu\/en\/wp-json\/wp\/v2\/media\/43331"}],"wp:attachment":[{"href":"https:\/\/www.upr.edu\/en\/wp-json\/wp\/v2\/media?parent=43332"}],"wp:term":[{"taxonomy":"category","embeddable":true,"href":"https:\/\/www.upr.edu\/en\/wp-json\/wp\/v2\/categories?post=43332"},{"taxonomy":"post_tag","embeddable":true,"href":"https:\/\/www.upr.edu\/en\/wp-json\/wp\/v2\/tags?post=43332"}],"curies":[{"name":"wp","href":"https:\/\/api.w.org\/{rel}","templated":true}]}}