{"id":375922,"date":"2026-04-27T19:16:46","date_gmt":"2026-04-27T23:16:46","guid":{"rendered":"https:\/\/www.upr.edu\/?p=375922"},"modified":"2026-04-28T13:42:52","modified_gmt":"2026-04-28T17:42:52","slug":"somos-upr-abril-2026","status":"publish","type":"post","link":"https:\/\/www.upr.edu\/en\/somos-upr-abril-2026\/","title":{"rendered":"Somos UPR &#8211; Abril 2026"},"content":{"rendered":"<div class=\"fusion-fullwidth fullwidth-box fusion-builder-row-1 fusion-flex-container has-pattern-background has-mask-background nonhundred-percent-fullwidth non-hundred-percent-height-scrolling\" style=\"--awb-border-radius-top-left:0px;--awb-border-radius-top-right:0px;--awb-border-radius-bottom-right:0px;--awb-border-radius-bottom-left:0px;--awb-padding-right-small:0px;--awb-padding-left-small:0px;--awb-flex-wrap:wrap;\" ><div class=\"fusion-builder-row fusion-row fusion-flex-align-items-flex-start fusion-flex-content-wrap\" style=\"max-width:1248px;margin-left: calc(-4% \/ 2 );margin-right: calc(-4% \/ 2 );\"><div class=\"fusion-layout-column fusion_builder_column fusion-builder-column-0 fusion_builder_column_1_1 1_1 fusion-flex-column\" style=\"--awb-bg-color:#00d2a5;--awb-bg-color-hover:#00d2a5;--awb-bg-size:cover;--awb-width-large:100%;--awb-margin-top-large:0px;--awb-spacing-right-large:1.92%;--awb-margin-bottom-large:20px;--awb-spacing-left-large:1.92%;--awb-width-medium:100%;--awb-order-medium:0;--awb-spacing-right-medium:1.92%;--awb-spacing-left-medium:1.92%;--awb-width-small:100%;--awb-order-small:0;--awb-spacing-right-small:1.92%;--awb-spacing-left-small:1.92%;\"><div class=\"fusion-column-wrapper fusion-column-has-shadow fusion-flex-justify-content-flex-start fusion-content-layout-column\"><div class=\"fusion-title title fusion-title-1 fusion-sep-none fusion-title-center fusion-title-text fusion-title-size-one\" style=\"--awb-margin-top-small:10px;--awb-margin-right-small:0px;--awb-margin-bottom-small:10px;--awb-margin-left-small:0px;--awb-font-size:2.5rem;\"><h1 class=\"fusion-title-heading title-heading-center fusion-responsive-typography-calculated\" style=\"margin:0;text-transform:none;font-size:1em;--fontSize:40;line-height:1.16;\"><p style=\"text-align: center;\">SOMOS UPR<\/p><\/h1><\/div><div class=\"fusion-text fusion-text-1\" style=\"--awb-text-color:var(--awb-color1);\"><p style=\"text-align: center;\">Cuando la UPR se conecta, Puerto Rico Avanza<\/p>\n<\/div><\/div><\/div><div class=\"fusion-layout-column fusion_builder_column fusion-builder-column-1 fusion_builder_column_1_1 1_1 fusion-flex-column\" style=\"--awb-bg-size:cover;--awb-width-large:100%;--awb-margin-top-large:0px;--awb-spacing-right-large:1.92%;--awb-margin-bottom-large:20px;--awb-spacing-left-large:1.92%;--awb-width-medium:100%;--awb-order-medium:0;--awb-spacing-right-medium:1.92%;--awb-spacing-left-medium:1.92%;--awb-width-small:100%;--awb-order-small:0;--awb-spacing-right-small:1.92%;--awb-spacing-left-small:1.92%;\"><div class=\"fusion-column-wrapper fusion-column-has-shadow fusion-flex-justify-content-flex-start fusion-content-layout-column\"><div class=\"fusion-image-element\" style=\"--awb-caption-title-font-family:var(--h2_typography-font-family);--awb-caption-title-font-weight:var(--h2_typography-font-weight);--awb-caption-title-font-style:var(--h2_typography-font-style);--awb-caption-title-size:var(--h2_typography-font-size);--awb-caption-title-transform:var(--h2_typography-text-transform);--awb-caption-title-line-height:var(--h2_typography-line-height);--awb-caption-title-letter-spacing:var(--h2_typography-letter-spacing);\"><span class=\"fusion-imageframe imageframe-none imageframe-1 hover-type-none\"><img decoding=\"async\" width=\"1024\" height=\"170\" alt=\"Banner de imagenes de estudiantes en diferentes facetas. Vida estudiantil, nataci\u00f3n, investigaci\u00f3n y estudiando.\" title=\"2026-04-01\" src=\"https:\/\/www.upr.edu\/wp-content\/uploads\/2026\/04\/2026-04-01.png\" data-orig-src=\"https:\/\/www.upr.edu\/wp-content\/uploads\/2026\/04\/2026-04-01.png\" class=\"lazyload img-responsive wp-image-375931\" srcset=\"data:image\/svg+xml,%3Csvg%20xmlns%3D%27http%3A%2F%2Fwww.w3.org%2F2000%2Fsvg%27%20width%3D%271024%27%20height%3D%27170%27%20viewBox%3D%270%200%201024%20170%27%3E%3Crect%20width%3D%271024%27%20height%3D%27170%27%20fill-opacity%3D%220%22%2F%3E%3C%2Fsvg%3E\" data-srcset=\"https:\/\/www.upr.edu\/wp-content\/uploads\/2026\/04\/2026-04-01-200x33.png 200w, https:\/\/www.upr.edu\/wp-content\/uploads\/2026\/04\/2026-04-01-400x66.png 400w, https:\/\/www.upr.edu\/wp-content\/uploads\/2026\/04\/2026-04-01-600x100.png 600w, https:\/\/www.upr.edu\/wp-content\/uploads\/2026\/04\/2026-04-01-800x133.png 800w, https:\/\/www.upr.edu\/wp-content\/uploads\/2026\/04\/2026-04-01.png 1024w\" data-sizes=\"auto\" data-orig-sizes=\"(max-width: 640px) 100vw, 1024px\" \/><\/span><\/div><\/div><\/div><div class=\"fusion-layout-column fusion_builder_column fusion-builder-column-2 fusion_builder_column_1_1 1_1 fusion-flex-column\" style=\"--awb-bg-size:cover;--awb-width-large:100%;--awb-margin-top-large:0px;--awb-spacing-right-large:1.92%;--awb-margin-bottom-large:20px;--awb-spacing-left-large:1.92%;--awb-width-medium:100%;--awb-order-medium:0;--awb-spacing-right-medium:1.92%;--awb-spacing-left-medium:1.92%;--awb-width-small:100%;--awb-order-small:0;--awb-spacing-right-small:1.92%;--awb-spacing-left-small:1.92%;\"><div class=\"fusion-column-wrapper fusion-column-has-shadow fusion-flex-justify-content-flex-start fusion-content-layout-column\"><div class=\"fusion-title title fusion-title-2 fusion-sep-none fusion-title-text fusion-title-size-paragraph\" style=\"--awb-text-color:#d204ba;--awb-margin-top-small:10px;--awb-margin-right-small:0px;--awb-margin-bottom-small:10px;--awb-margin-left-small:0px;\"><p class=\"fusion-title-heading title-heading-right title-heading-tag fusion-responsive-typography-calculated\" style=\"margin:0;text-transform:none;--fontSize:16;--minFontSize:16;line-height:1.56;\"><strong>Edici\u00f3n abril 2026<\/strong><\/p><\/div><\/div><\/div><div class=\"fusion-layout-column fusion_builder_column fusion-builder-column-3 fusion_builder_column_1_1 1_1 fusion-flex-column\" style=\"--awb-padding-top:1rem;--awb-padding-right:1rem;--awb-padding-left:1rem;--awb-bg-size:cover;--awb-border-color:var(--awb-color8);--awb-border-top:0;--awb-border-right:0;--awb-border-bottom:0;--awb-border-left:3px;--awb-border-style:solid;--awb-width-large:100%;--awb-margin-top-large:0px;--awb-spacing-right-large:1.92%;--awb-margin-bottom-large:20px;--awb-spacing-left-large:1.92%;--awb-width-medium:100%;--awb-order-medium:0;--awb-spacing-right-medium:1.92%;--awb-spacing-left-medium:1.92%;--awb-width-small:100%;--awb-order-small:0;--awb-spacing-right-small:1.92%;--awb-spacing-left-small:1.92%;\"><div class=\"fusion-column-wrapper fusion-column-has-shadow fusion-flex-justify-content-flex-start fusion-content-layout-column\"><div class=\"fusion-text fusion-text-2\"><p><em>Esta semana, la Universidad de Puerto Rico demuestra que sus avances no ocurren de forma aislada, sino como resultado de un sistema que colabora, integra y ejecuta con direcci\u00f3n clara.<\/em><\/p>\n<\/div><\/div><\/div><div class=\"fusion-layout-column fusion_builder_column fusion-builder-column-4 fusion_builder_column_1_1 1_1 fusion-flex-column\" style=\"--awb-bg-size:cover;--awb-width-large:100%;--awb-margin-top-large:0px;--awb-spacing-right-large:1.92%;--awb-margin-bottom-large:20px;--awb-spacing-left-large:1.92%;--awb-width-medium:100%;--awb-order-medium:0;--awb-spacing-right-medium:1.92%;--awb-spacing-left-medium:1.92%;--awb-width-small:100%;--awb-order-small:0;--awb-spacing-right-small:1.92%;--awb-spacing-left-small:1.92%;\"><div class=\"fusion-column-wrapper fusion-column-has-shadow fusion-flex-justify-content-flex-start fusion-content-layout-column\"><div class=\"fusion-image-element\" style=\"--awb-caption-title-font-family:var(--h2_typography-font-family);--awb-caption-title-font-weight:var(--h2_typography-font-weight);--awb-caption-title-font-style:var(--h2_typography-font-style);--awb-caption-title-size:var(--h2_typography-font-size);--awb-caption-title-transform:var(--h2_typography-text-transform);--awb-caption-title-line-height:var(--h2_typography-line-height);--awb-caption-title-letter-spacing:var(--h2_typography-letter-spacing);\"><span class=\"fusion-imageframe imageframe-none imageframe-2 hover-type-none\"><img decoding=\"async\" width=\"1024\" height=\"212\" alt=\"Collage de los edificios emblem\u00e1ticos de las unidades del sistema UPR\" title=\"2026-04-02\" src=\"https:\/\/www.upr.edu\/wp-content\/uploads\/2026\/04\/2026-04-02.png\" data-orig-src=\"https:\/\/www.upr.edu\/wp-content\/uploads\/2026\/04\/2026-04-02.png\" class=\"lazyload img-responsive wp-image-375932\" srcset=\"data:image\/svg+xml,%3Csvg%20xmlns%3D%27http%3A%2F%2Fwww.w3.org%2F2000%2Fsvg%27%20width%3D%271024%27%20height%3D%27212%27%20viewBox%3D%270%200%201024%20212%27%3E%3Crect%20width%3D%271024%27%20height%3D%27212%27%20fill-opacity%3D%220%22%2F%3E%3C%2Fsvg%3E\" data-srcset=\"https:\/\/www.upr.edu\/wp-content\/uploads\/2026\/04\/2026-04-02-200x41.png 200w, https:\/\/www.upr.edu\/wp-content\/uploads\/2026\/04\/2026-04-02-400x83.png 400w, https:\/\/www.upr.edu\/wp-content\/uploads\/2026\/04\/2026-04-02-600x124.png 600w, https:\/\/www.upr.edu\/wp-content\/uploads\/2026\/04\/2026-04-02-800x166.png 800w, https:\/\/www.upr.edu\/wp-content\/uploads\/2026\/04\/2026-04-02.png 1024w\" data-sizes=\"auto\" data-orig-sizes=\"(max-width: 640px) 100vw, 1024px\" \/><\/span><\/div><\/div><\/div><div class=\"fusion-layout-column fusion_builder_column fusion-builder-column-5 fusion_builder_column_1_1 1_1 fusion-flex-column\" style=\"--awb-padding-right:.5rem;--awb-padding-left:.5rem;--awb-bg-color:#d204ba;--awb-bg-color-hover:#d204ba;--awb-bg-size:cover;--awb-width-large:100%;--awb-margin-top-large:2rem;--awb-spacing-right-large:1.92%;--awb-margin-bottom-large:20px;--awb-spacing-left-large:1.92%;--awb-width-medium:100%;--awb-order-medium:0;--awb-spacing-right-medium:1.92%;--awb-spacing-left-medium:1.92%;--awb-width-small:100%;--awb-order-small:0;--awb-spacing-right-small:1.92%;--awb-spacing-left-small:1.92%;\"><div class=\"fusion-column-wrapper fusion-column-has-shadow fusion-flex-justify-content-flex-start fusion-content-layout-column\"><div class=\"fusion-title title fusion-title-3 fusion-sep-none fusion-title-text fusion-title-size-two\" style=\"--awb-text-color:var(--awb-color1);--awb-margin-top-small:10px;--awb-margin-right-small:0px;--awb-margin-bottom-small:10px;--awb-margin-left-small:0px;--awb-font-size:1.7rem;\"><h2 class=\"fusion-title-heading title-heading-left fusion-responsive-typography-calculated\" style=\"margin:0;text-transform:none;font-size:1em;--fontSize:27.2;line-height:1.2;\"><strong>Acceso que conecta oportunidades<\/strong><\/h2><\/div><\/div><\/div><div class=\"fusion-layout-column fusion_builder_column fusion-builder-column-6 fusion_builder_column_1_1 1_1 fusion-flex-column\" style=\"--awb-bg-size:cover;--awb-width-large:100%;--awb-margin-top-large:0px;--awb-spacing-right-large:1.92%;--awb-margin-bottom-large:20px;--awb-spacing-left-large:1.92%;--awb-width-medium:100%;--awb-order-medium:0;--awb-spacing-right-medium:1.92%;--awb-spacing-left-medium:1.92%;--awb-width-small:100%;--awb-order-small:0;--awb-spacing-right-small:1.92%;--awb-spacing-left-small:1.92%;\"><div class=\"fusion-column-wrapper fusion-column-has-shadow fusion-flex-justify-content-flex-start fusion-content-layout-column\"><div class=\"fusion-title title fusion-title-4 fusion-sep-none fusion-title-text fusion-title-size-three\" style=\"--awb-text-color:#d204ba;--awb-margin-bottom:2rem;--awb-margin-top-small:10px;--awb-margin-right-small:0px;--awb-margin-bottom-small:10px;--awb-margin-left-small:0px;\"><h3 class=\"fusion-title-heading title-heading-left fusion-responsive-typography-calculated\" style=\"margin:0;text-transform:none;--fontSize:32;line-height:1.3;\">UPR ampl\u00eda su alcance<\/h3><\/div><div class=\"fusion-text fusion-text-3\"><p><span class=\"fusion-dropcap dropcap\" style=\"--awb-color:#000;\">M<\/span>\u00e1s de <strong>10,600 solicitudes<\/strong>&nbsp;y sobre&nbsp;<strong>9,200 estudiantes admitidos<\/strong>&nbsp;reflejan un sistema que ampl\u00eda su alcance de forma sostenida. La implementaci\u00f3n de la admisi\u00f3n&nbsp;<strong>autom\u00e1tica (Ley 113)&nbsp;<\/strong>ya impacta a 370 escuelas, mientras la campa\u00f1a&nbsp;<strong>#SomosTuUniversidad<\/strong>, con m\u00e1s de 1.4 millones de visualizaciones, fortalece el posicionamiento de la UPR como primera opci\u00f3n acad\u00e9mica.<\/p>\n<\/div><div class=\"fusion-image-element\" style=\"--awb-caption-title-font-family:var(--h2_typography-font-family);--awb-caption-title-font-weight:var(--h2_typography-font-weight);--awb-caption-title-font-style:var(--h2_typography-font-style);--awb-caption-title-size:var(--h2_typography-font-size);--awb-caption-title-transform:var(--h2_typography-text-transform);--awb-caption-title-line-height:var(--h2_typography-line-height);--awb-caption-title-letter-spacing:var(--h2_typography-letter-spacing);\"><span class=\"fusion-imageframe imageframe-none imageframe-3 hover-type-none\"><img decoding=\"async\" width=\"1024\" height=\"506\" alt=\"Estudiantes frente al kiosko de la UPR Cayey obteniendo orientaci\u00f3n.\" title=\"2026-04-03\" src=\"https:\/\/www.upr.edu\/wp-content\/uploads\/2026\/04\/2026-04-03.jpg\" data-orig-src=\"https:\/\/www.upr.edu\/wp-content\/uploads\/2026\/04\/2026-04-03.jpg\" class=\"lazyload img-responsive wp-image-375933\" srcset=\"data:image\/svg+xml,%3Csvg%20xmlns%3D%27http%3A%2F%2Fwww.w3.org%2F2000%2Fsvg%27%20width%3D%271024%27%20height%3D%27506%27%20viewBox%3D%270%200%201024%20506%27%3E%3Crect%20width%3D%271024%27%20height%3D%27506%27%20fill-opacity%3D%220%22%2F%3E%3C%2Fsvg%3E\" data-srcset=\"https:\/\/www.upr.edu\/wp-content\/uploads\/2026\/04\/2026-04-03-200x99.jpg 200w, https:\/\/www.upr.edu\/wp-content\/uploads\/2026\/04\/2026-04-03-400x198.jpg 400w, https:\/\/www.upr.edu\/wp-content\/uploads\/2026\/04\/2026-04-03-600x296.jpg 600w, https:\/\/www.upr.edu\/wp-content\/uploads\/2026\/04\/2026-04-03-800x395.jpg 800w, https:\/\/www.upr.edu\/wp-content\/uploads\/2026\/04\/2026-04-03.jpg 1024w\" data-sizes=\"auto\" data-orig-sizes=\"(max-width: 640px) 100vw, 1024px\" \/><\/span><\/div><\/div><\/div><div class=\"fusion-layout-column fusion_builder_column fusion-builder-column-7 fusion_builder_column_1_1 1_1 fusion-flex-column\" style=\"--awb-bg-size:cover;--awb-width-large:100%;--awb-margin-top-large:0px;--awb-spacing-right-large:1.92%;--awb-margin-bottom-large:20px;--awb-spacing-left-large:1.92%;--awb-width-medium:100%;--awb-order-medium:0;--awb-spacing-right-medium:1.92%;--awb-spacing-left-medium:1.92%;--awb-width-small:100%;--awb-order-small:0;--awb-spacing-right-small:1.92%;--awb-spacing-left-small:1.92%;\"><div class=\"fusion-column-wrapper fusion-column-has-shadow fusion-flex-justify-content-flex-start fusion-content-layout-column\"><div class=\"fusion-title title fusion-title-5 fusion-sep-none fusion-title-text fusion-title-size-three\" style=\"--awb-text-color:#d204ba;--awb-margin-bottom:2rem;--awb-margin-top-small:10px;--awb-margin-right-small:0px;--awb-margin-bottom-small:10px;--awb-margin-left-small:0px;\"><h3 class=\"fusion-title-heading title-heading-left fusion-responsive-typography-calculated\" style=\"margin:0;text-transform:none;--fontSize:32;line-height:1.3;\">Aprendizaje sin barreras<\/h3><\/div><div class=\"fusion-text fusion-text-4\"><p>Con el desarrollo de UPR Virtual bajo cumplimiento NC-SARA, el sistema ampl\u00eda su oferta acad\u00e9mica digital con un lanzamiento oficial el 29 de abril de 2026.<\/p>\n<p>A esto se suman programas cortos y certificaciones en \u00e1reas de alta demanda como ciberseguridad, impactando a m\u00e1s de 3,000 participantes en colaboraci\u00f3n con el Departamento de Educaci\u00f3n.<\/p>\n<\/div><div class=\"fusion-image-element\" style=\"--awb-caption-title-font-family:var(--h2_typography-font-family);--awb-caption-title-font-weight:var(--h2_typography-font-weight);--awb-caption-title-font-style:var(--h2_typography-font-style);--awb-caption-title-size:var(--h2_typography-font-size);--awb-caption-title-transform:var(--h2_typography-text-transform);--awb-caption-title-line-height:var(--h2_typography-line-height);--awb-caption-title-letter-spacing:var(--h2_typography-letter-spacing);\"><span class=\"fusion-imageframe imageframe-none imageframe-4 hover-type-none\"><img decoding=\"async\" width=\"1024\" height=\"617\" alt=\"Varios Estudiantes observando la laptop con sello Yo amo la UPR. En primer plano el sello UPR Virtual.\" title=\"2026-04-04\" src=\"https:\/\/www.upr.edu\/wp-content\/uploads\/2026\/04\/2026-04-04.png\" data-orig-src=\"https:\/\/www.upr.edu\/wp-content\/uploads\/2026\/04\/2026-04-04.png\" class=\"lazyload img-responsive wp-image-375934\" srcset=\"data:image\/svg+xml,%3Csvg%20xmlns%3D%27http%3A%2F%2Fwww.w3.org%2F2000%2Fsvg%27%20width%3D%271024%27%20height%3D%27617%27%20viewBox%3D%270%200%201024%20617%27%3E%3Crect%20width%3D%271024%27%20height%3D%27617%27%20fill-opacity%3D%220%22%2F%3E%3C%2Fsvg%3E\" data-srcset=\"https:\/\/www.upr.edu\/wp-content\/uploads\/2026\/04\/2026-04-04-200x121.png 200w, https:\/\/www.upr.edu\/wp-content\/uploads\/2026\/04\/2026-04-04-400x241.png 400w, https:\/\/www.upr.edu\/wp-content\/uploads\/2026\/04\/2026-04-04-600x362.png 600w, https:\/\/www.upr.edu\/wp-content\/uploads\/2026\/04\/2026-04-04-800x482.png 800w, https:\/\/www.upr.edu\/wp-content\/uploads\/2026\/04\/2026-04-04.png 1024w\" data-sizes=\"auto\" data-orig-sizes=\"(max-width: 640px) 100vw, 1024px\" \/><\/span><\/div><div class=\"fusion-text fusion-text-5\" style=\"--awb-font-size:.8rem;\"><p style=\"text-align: center;\">La UPR evoluciona al ritmo de c\u00f3mo se aprende hoy.<\/p>\n<\/div><\/div><\/div><div class=\"fusion-layout-column fusion_builder_column fusion-builder-column-8 fusion_builder_column_1_1 1_1 fusion-flex-column\" style=\"--awb-padding-right:.5rem;--awb-padding-left:.5rem;--awb-bg-color:#00d2a5;--awb-bg-color-hover:#00d2a5;--awb-bg-size:cover;--awb-width-large:100%;--awb-margin-top-large:2rem;--awb-spacing-right-large:1.92%;--awb-margin-bottom-large:20px;--awb-spacing-left-large:1.92%;--awb-width-medium:100%;--awb-order-medium:0;--awb-spacing-right-medium:1.92%;--awb-spacing-left-medium:1.92%;--awb-width-small:100%;--awb-order-small:0;--awb-spacing-right-small:1.92%;--awb-spacing-left-small:1.92%;\"><div class=\"fusion-column-wrapper fusion-column-has-shadow fusion-flex-justify-content-flex-start fusion-content-layout-column\"><div class=\"fusion-title title fusion-title-6 fusion-sep-none fusion-title-text fusion-title-size-two\" style=\"--awb-text-color:var(--awb-color1);--awb-margin-top-small:10px;--awb-margin-right-small:0px;--awb-margin-bottom-small:10px;--awb-margin-left-small:0px;--awb-font-size:1.7rem;\"><h2 class=\"fusion-title-heading title-heading-left fusion-responsive-typography-calculated\" style=\"margin:0;text-transform:none;font-size:1em;--fontSize:27.2;line-height:1.2;\"><strong>Conexiones estrat\u00e9gicas<\/strong><\/h2><\/div><\/div><\/div><div class=\"fusion-layout-column fusion_builder_column fusion-builder-column-9 fusion_builder_column_1_1 1_1 fusion-flex-column\" style=\"--awb-bg-size:cover;--awb-width-large:100%;--awb-margin-top-large:0px;--awb-spacing-right-large:1.92%;--awb-margin-bottom-large:20px;--awb-spacing-left-large:1.92%;--awb-width-medium:100%;--awb-order-medium:0;--awb-spacing-right-medium:1.92%;--awb-spacing-left-medium:1.92%;--awb-width-small:100%;--awb-order-small:0;--awb-spacing-right-small:1.92%;--awb-spacing-left-small:1.92%;\"><div class=\"fusion-column-wrapper fusion-column-has-shadow fusion-flex-justify-content-flex-start fusion-content-layout-column\"><div class=\"fusion-title title fusion-title-7 fusion-sep-none fusion-title-text fusion-title-size-three\" style=\"--awb-text-color:#d204ba;--awb-margin-bottom:2rem;--awb-margin-top-small:10px;--awb-margin-right-small:0px;--awb-margin-bottom-small:10px;--awb-margin-left-small:0px;\"><h3 class=\"fusion-title-heading title-heading-left fusion-responsive-typography-calculated\" style=\"margin:0;text-transform:none;--fontSize:32;line-height:1.3;\"><p class=\"wp-block-heading has-text-align-left has-text-color has-link-color wp-elements-ea7de199046f3176321165dd3eb79022\">Expansi\u00f3n de investigaci\u00f3n, innovaci\u00f3n y propiedad intelectual<\/p><\/h3><\/div><div class=\"fusion-text fusion-text-6\"><p>El ecosistema de inteligencia artificial de la Universidad de Puerto Rico integra:&nbsp;<strong>M\u00e1s de 124 especialistas M\u00e1s de 70 cursos 34 iniciativas de investigaci\u00f3n 28 proyectos financiados por NIH y NSF<\/strong><\/p>\n<p>Radicaci\u00f3n de propuestas federales por&nbsp;<strong>$7,924,092<\/strong>, fortaleciendo la capacidad institucional de investigaci\u00f3n subvencionada.<\/p>\n<p>Desarrollo y fortalecimiento de pol\u00edticas de cumplimiento e integridad en la investigaci\u00f3n y propiedad intelectual.<\/p>\n<p>Participaci\u00f3n en proyectos cient\u00edficos de alto impacto vinculados a&nbsp;<strong>NASA y tecnolog\u00edas emergentes.<\/strong><\/p>\n<\/div><\/div><\/div><div class=\"fusion-layout-column fusion_builder_column fusion-builder-column-10 fusion_builder_column_1_1 1_1 fusion-flex-column\" style=\"--awb-bg-size:cover;--awb-width-large:100%;--awb-margin-top-large:0px;--awb-spacing-right-large:1.92%;--awb-margin-bottom-large:20px;--awb-spacing-left-large:1.92%;--awb-width-medium:100%;--awb-order-medium:0;--awb-spacing-right-medium:1.92%;--awb-spacing-left-medium:1.92%;--awb-width-small:100%;--awb-order-small:0;--awb-spacing-right-small:1.92%;--awb-spacing-left-small:1.92%;\"><div class=\"fusion-column-wrapper fusion-column-has-shadow fusion-flex-justify-content-flex-start fusion-content-layout-column\"><div class=\"fusion-title title fusion-title-8 fusion-sep-none fusion-title-text fusion-title-size-three\" style=\"--awb-text-color:#d204ba;--awb-margin-bottom:2rem;--awb-margin-top-small:10px;--awb-margin-right-small:0px;--awb-margin-bottom-small:10px;--awb-margin-left-small:0px;\"><h3 class=\"fusion-title-heading title-heading-left fusion-responsive-typography-calculated\" style=\"margin:0;text-transform:none;--fontSize:32;line-height:1.3;\"><p class=\"wp-block-heading has-text-align-left has-text-color has-link-color wp-elements-ea7de199046f3176321165dd3eb79022\">Alianzas que multiplican impacto<\/p><\/h3><\/div><div class=\"fusion-text fusion-text-7\"><p>La Universidad de Puerto Rico contin\u00faa fortaleciendo su red de colaboraci\u00f3n mediante la consolidaci\u00f3n de alianzas estrat\u00e9gicas con organizaciones como&nbsp;<strong>Johnson &amp; Johnson, Eli Lilly, FirstBank, FEMA, COR3 y el Puerto Rico Science, Technology and Research Trust<\/strong>. A nivel acad\u00e9mico, ampl\u00eda su alcance con colaboraciones con la&nbsp;<strong>University of Louisiana Monroe, la Central Connecticut State University y el sistema SUNY<\/strong>. Estas conexiones impulsan la vinculaci\u00f3n con sectores estrat\u00e9gicos como&nbsp;<strong>semiconductores, manufactura avanzada, inteligencia artificial y transferencia de tecnolog\u00eda<\/strong>, al tiempo que refuerzan la presencia institucional de la UPR en medios, foros estrat\u00e9gicos y espacios de pol\u00edtica p\u00fablica a nivel local e internacional.<\/p>\n<\/div><div class=\"fusion-image-element\" style=\"--awb-caption-title-font-family:var(--h2_typography-font-family);--awb-caption-title-font-weight:var(--h2_typography-font-weight);--awb-caption-title-font-style:var(--h2_typography-font-style);--awb-caption-title-size:var(--h2_typography-font-size);--awb-caption-title-transform:var(--h2_typography-text-transform);--awb-caption-title-line-height:var(--h2_typography-line-height);--awb-caption-title-letter-spacing:var(--h2_typography-letter-spacing);\"><span class=\"fusion-imageframe imageframe-none imageframe-5 hover-type-none\"><img decoding=\"async\" width=\"973\" height=\"1024\" alt=\"Imagen de la p\u00e1gina del Periodico El Nuevo d\u00eda, mostrando titular: Puerto Rico vuelve al juego de la biomanofactura.\" title=\"2026-04-05\" src=\"https:\/\/www.upr.edu\/wp-content\/uploads\/2026\/04\/2026-04-05.png\" data-orig-src=\"https:\/\/www.upr.edu\/wp-content\/uploads\/2026\/04\/2026-04-05.png\" class=\"lazyload img-responsive wp-image-375935\" srcset=\"data:image\/svg+xml,%3Csvg%20xmlns%3D%27http%3A%2F%2Fwww.w3.org%2F2000%2Fsvg%27%20width%3D%27973%27%20height%3D%271024%27%20viewBox%3D%270%200%20973%201024%27%3E%3Crect%20width%3D%27973%27%20height%3D%271024%27%20fill-opacity%3D%220%22%2F%3E%3C%2Fsvg%3E\" data-srcset=\"https:\/\/www.upr.edu\/wp-content\/uploads\/2026\/04\/2026-04-05-200x210.png 200w, https:\/\/www.upr.edu\/wp-content\/uploads\/2026\/04\/2026-04-05-400x421.png 400w, https:\/\/www.upr.edu\/wp-content\/uploads\/2026\/04\/2026-04-05-600x631.png 600w, https:\/\/www.upr.edu\/wp-content\/uploads\/2026\/04\/2026-04-05-800x842.png 800w, https:\/\/www.upr.edu\/wp-content\/uploads\/2026\/04\/2026-04-05.png 973w\" data-sizes=\"auto\" data-orig-sizes=\"(max-width: 640px) 100vw, 973px\" \/><\/span><\/div><div class=\"fusion-text fusion-text-8\" style=\"--awb-font-size:.8rem;\"><p style=\"text-align: center;\">Alianzas que multiplican impacto<\/p>\n<\/div><ul style=\"--awb-line-height:27.2px;--awb-icon-width:27.2px;--awb-icon-height:27.2px;--awb-icon-margin:11.2px;--awb-content-margin:38.4px;--awb-circlecolor:#000000;--awb-circle-yes-font-size:14.08px;\" class=\"fusion-checklist fusion-checklist-1 fusion-checklist-default type-icons\"><li class=\"fusion-li-item\" style=\"\"><span class=\"icon-wrapper circle-yes\"><i class=\"fusion-li-icon fa-link fas\" aria-hidden=\"true\"><\/i><\/span><div class=\"fusion-li-item-content\">\n<p><strong><a href=\"https:\/\/www.elnuevodia.com\/negocios\/empresas-comercios\/notas\/puerto-rico-vuelve-al-juego-de-la-biomanufactura-en-estados-unidos\/\">Visita el enlace para obtener m\u00e1s informaci\u00f3n<\/a><\/strong><\/p>\n<\/div><\/li><\/ul><\/div><\/div><div class=\"fusion-layout-column fusion_builder_column fusion-builder-column-11 fusion_builder_column_1_1 1_1 fusion-flex-column\" style=\"--awb-bg-size:cover;--awb-width-large:100%;--awb-margin-top-large:0px;--awb-spacing-right-large:1.92%;--awb-margin-bottom-large:20px;--awb-spacing-left-large:1.92%;--awb-width-medium:100%;--awb-order-medium:0;--awb-spacing-right-medium:1.92%;--awb-spacing-left-medium:1.92%;--awb-width-small:100%;--awb-order-small:0;--awb-spacing-right-small:1.92%;--awb-spacing-left-small:1.92%;\"><div class=\"fusion-column-wrapper fusion-column-has-shadow fusion-flex-justify-content-flex-start fusion-content-layout-column\"><div class=\"fusion-title title fusion-title-9 fusion-sep-none fusion-title-text fusion-title-size-three\" style=\"--awb-text-color:#d204ba;--awb-margin-bottom:2rem;--awb-margin-top-small:10px;--awb-margin-right-small:0px;--awb-margin-bottom-small:10px;--awb-margin-left-small:0px;\"><h3 class=\"fusion-title-heading title-heading-left fusion-responsive-typography-calculated\" style=\"margin:0;text-transform:none;--fontSize:32;line-height:1.3;\"><p class=\"wp-block-heading has-text-align-left has-text-color has-link-color wp-elements-ea7de199046f3176321165dd3eb79022\">Alianzas que multiplican impacto<\/p><\/h3><\/div><div class=\"fusion-text fusion-text-9\"><div class=\"wp-block-group is-nowrap is-layout-flex wp-container-core-group-is-layout-ad2f72ca wp-block-group-is-layout-flex\">\n<ul>\n<li class=\"wp-block-heading\">M\u00e1s de&nbsp;<strong>$7.8 millones en recaudos institucionales<\/strong><\/li>\n<li>CRM con m\u00e1s de <strong>18,000 registros activos<\/strong><\/li>\n<li>Renovaci\u00f3n de subvenci\u00f3n de <strong>$25 millones en investigaci\u00f3n cl\u00ednica<\/strong><\/li>\n<li>Estados financieros auditados sin se\u00f1alamientos<\/li>\n<\/ul>\n<\/div>\n<\/div><div class=\"fusion-image-element\" style=\"--awb-caption-title-font-family:var(--h2_typography-font-family);--awb-caption-title-font-weight:var(--h2_typography-font-weight);--awb-caption-title-font-style:var(--h2_typography-font-style);--awb-caption-title-size:var(--h2_typography-font-size);--awb-caption-title-transform:var(--h2_typography-text-transform);--awb-caption-title-line-height:var(--h2_typography-line-height);--awb-caption-title-letter-spacing:var(--h2_typography-letter-spacing);\"><span class=\"fusion-imageframe imageframe-none imageframe-6 hover-type-none\"><img decoding=\"async\" width=\"1024\" height=\"682\" alt=\"Investigador en laboratorio observando por un microscopio.\" title=\"2026-04-06\" src=\"https:\/\/www.upr.edu\/wp-content\/uploads\/2026\/04\/2026-04-06.jpg\" data-orig-src=\"https:\/\/www.upr.edu\/wp-content\/uploads\/2026\/04\/2026-04-06.jpg\" class=\"lazyload img-responsive wp-image-375936\" srcset=\"data:image\/svg+xml,%3Csvg%20xmlns%3D%27http%3A%2F%2Fwww.w3.org%2F2000%2Fsvg%27%20width%3D%271024%27%20height%3D%27682%27%20viewBox%3D%270%200%201024%20682%27%3E%3Crect%20width%3D%271024%27%20height%3D%27682%27%20fill-opacity%3D%220%22%2F%3E%3C%2Fsvg%3E\" data-srcset=\"https:\/\/www.upr.edu\/wp-content\/uploads\/2026\/04\/2026-04-06-200x133.jpg 200w, https:\/\/www.upr.edu\/wp-content\/uploads\/2026\/04\/2026-04-06-400x266.jpg 400w, https:\/\/www.upr.edu\/wp-content\/uploads\/2026\/04\/2026-04-06-600x400.jpg 600w, https:\/\/www.upr.edu\/wp-content\/uploads\/2026\/04\/2026-04-06-800x533.jpg 800w, https:\/\/www.upr.edu\/wp-content\/uploads\/2026\/04\/2026-04-06.jpg 1024w\" data-sizes=\"auto\" data-orig-sizes=\"(max-width: 640px) 100vw, 1024px\" \/><\/span><\/div><div class=\"fusion-text fusion-text-10\" style=\"--awb-font-size:.8rem;\"><p style=\"text-align: center;\">Foto: Carlos Rivera Giusti, El Nuevo D\u00eda<\/p>\n<\/div><ul style=\"--awb-line-height:27.2px;--awb-icon-width:27.2px;--awb-icon-height:27.2px;--awb-icon-margin:11.2px;--awb-content-margin:38.4px;--awb-circlecolor:#000000;--awb-circle-yes-font-size:14.08px;\" class=\"fusion-checklist fusion-checklist-2 fusion-checklist-default type-icons\"><li class=\"fusion-li-item\" style=\"\"><span class=\"icon-wrapper circle-yes\"><i class=\"fusion-li-icon fa-link fas\" aria-hidden=\"true\"><\/i><\/span><div class=\"fusion-li-item-content\">\n<p><a href=\"https:\/\/www.elnuevodia.com\/ciencia-ambiente\/otros\/notas\/impulso-a-la-investigacion-clinica-en-puerto-rico-alianza-de-cientificos-recibe-subvencion-de-25-millones\/\"><strong>Visita el enlace para obtener m\u00e1s informaci\u00f3n<\/strong><\/a><\/p>\n<\/div><\/li><\/ul><\/div><\/div><div class=\"fusion-layout-column fusion_builder_column fusion-builder-column-12 fusion_builder_column_1_1 1_1 fusion-flex-column\" style=\"--awb-padding-right:.5rem;--awb-padding-left:.5rem;--awb-bg-color:#d204ba;--awb-bg-color-hover:#d204ba;--awb-bg-size:cover;--awb-width-large:100%;--awb-margin-top-large:2rem;--awb-spacing-right-large:1.92%;--awb-margin-bottom-large:20px;--awb-spacing-left-large:1.92%;--awb-width-medium:100%;--awb-order-medium:0;--awb-spacing-right-medium:1.92%;--awb-spacing-left-medium:1.92%;--awb-width-small:100%;--awb-order-small:0;--awb-spacing-right-small:1.92%;--awb-spacing-left-small:1.92%;\"><div class=\"fusion-column-wrapper fusion-column-has-shadow fusion-flex-justify-content-flex-start fusion-content-layout-column\"><div class=\"fusion-title title fusion-title-10 fusion-sep-none fusion-title-text fusion-title-size-two\" style=\"--awb-text-color:var(--awb-color1);--awb-margin-top-small:10px;--awb-margin-right-small:0px;--awb-margin-bottom-small:10px;--awb-margin-left-small:0px;--awb-font-size:1.7rem;\"><h2 class=\"fusion-title-heading title-heading-left fusion-responsive-typography-calculated\" style=\"margin:0;text-transform:none;font-size:1em;--fontSize:27.2;line-height:1.2;\"><strong>Infraestructura que habilita el futuro<\/strong><\/h2><\/div><\/div><\/div><div class=\"fusion-layout-column fusion_builder_column fusion-builder-column-13 fusion_builder_column_1_1 1_1 fusion-flex-column\" style=\"--awb-bg-size:cover;--awb-width-large:100%;--awb-margin-top-large:0px;--awb-spacing-right-large:1.92%;--awb-margin-bottom-large:20px;--awb-spacing-left-large:1.92%;--awb-width-medium:100%;--awb-order-medium:0;--awb-spacing-right-medium:1.92%;--awb-spacing-left-medium:1.92%;--awb-width-small:100%;--awb-order-small:0;--awb-spacing-right-small:1.92%;--awb-spacing-left-small:1.92%;\"><div class=\"fusion-column-wrapper fusion-column-has-shadow fusion-flex-justify-content-flex-start fusion-content-layout-column\"><div class=\"fusion-image-element\" style=\"--awb-caption-title-font-family:var(--h2_typography-font-family);--awb-caption-title-font-weight:var(--h2_typography-font-weight);--awb-caption-title-font-style:var(--h2_typography-font-style);--awb-caption-title-size:var(--h2_typography-font-size);--awb-caption-title-transform:var(--h2_typography-text-transform);--awb-caption-title-line-height:var(--h2_typography-line-height);--awb-caption-title-letter-spacing:var(--h2_typography-letter-spacing);\"><span class=\"fusion-imageframe imageframe-none imageframe-7 hover-type-none\"><img decoding=\"async\" width=\"1024\" height=\"160\" alt=\"Varias fotos del resicampus, fachada, \u00e1rea de laboratorio, etc.\" title=\"2026-04-07\" src=\"https:\/\/www.upr.edu\/wp-content\/uploads\/2026\/04\/2026-04-07.jpg\" data-orig-src=\"https:\/\/www.upr.edu\/wp-content\/uploads\/2026\/04\/2026-04-07.jpg\" class=\"lazyload img-responsive wp-image-375937\" srcset=\"data:image\/svg+xml,%3Csvg%20xmlns%3D%27http%3A%2F%2Fwww.w3.org%2F2000%2Fsvg%27%20width%3D%271024%27%20height%3D%27160%27%20viewBox%3D%270%200%201024%20160%27%3E%3Crect%20width%3D%271024%27%20height%3D%27160%27%20fill-opacity%3D%220%22%2F%3E%3C%2Fsvg%3E\" data-srcset=\"https:\/\/www.upr.edu\/wp-content\/uploads\/2026\/04\/2026-04-07-200x31.jpg 200w, https:\/\/www.upr.edu\/wp-content\/uploads\/2026\/04\/2026-04-07-400x63.jpg 400w, https:\/\/www.upr.edu\/wp-content\/uploads\/2026\/04\/2026-04-07-600x94.jpg 600w, https:\/\/www.upr.edu\/wp-content\/uploads\/2026\/04\/2026-04-07-800x125.jpg 800w, https:\/\/www.upr.edu\/wp-content\/uploads\/2026\/04\/2026-04-07.jpg 1024w\" data-sizes=\"auto\" data-orig-sizes=\"(max-width: 640px) 100vw, 1024px\" \/><\/span><\/div><ul style=\"--awb-line-height:27.2px;--awb-icon-width:27.2px;--awb-icon-height:27.2px;--awb-icon-margin:11.2px;--awb-content-margin:38.4px;--awb-circlecolor:#000000;--awb-circle-yes-font-size:14.08px;\" class=\"fusion-checklist fusion-checklist-3 fusion-checklist-default type-icons\"><li class=\"fusion-li-item\" style=\"\"><span class=\"icon-wrapper circle-yes\"><i class=\"fusion-li-icon awb-icon-check\" aria-hidden=\"true\"><\/i><\/span><div class=\"fusion-li-item-content\">\n<p class=\"uagb-heading-text\"><strong>ResiCampus&nbsp;con&nbsp;93%&nbsp;de avance<\/strong><\/p>\n<\/div><\/li><li class=\"fusion-li-item\" style=\"\"><span class=\"icon-wrapper circle-yes\"><i class=\"fusion-li-icon awb-icon-check\" aria-hidden=\"true\"><\/i><\/span><div class=\"fusion-li-item-content\">\n<p class=\"uagb-heading-text\"><strong>Desarrollo del&nbsp;ASTRE Center (Fase 2)<\/strong><\/p>\n<\/div><\/li><li class=\"fusion-li-item\" style=\"\"><span class=\"icon-wrapper circle-yes\"><i class=\"fusion-li-icon awb-icon-check\" aria-hidden=\"true\"><\/i><\/span><div class=\"fusion-li-item-content\">\n<p class=\"uagb-heading-text\"><strong>Nuevas instalaciones en el Recinto de Humacao<\/strong><\/p>\n<\/div><\/li><\/ul><\/div><\/div><div class=\"fusion-layout-column fusion_builder_column fusion-builder-column-14 fusion_builder_column_1_1 1_1 fusion-flex-column\" style=\"--awb-bg-size:cover;--awb-width-large:100%;--awb-margin-top-large:0px;--awb-spacing-right-large:1.92%;--awb-margin-bottom-large:20px;--awb-spacing-left-large:1.92%;--awb-width-medium:100%;--awb-order-medium:0;--awb-spacing-right-medium:1.92%;--awb-spacing-left-medium:1.92%;--awb-width-small:100%;--awb-order-small:0;--awb-spacing-right-small:1.92%;--awb-spacing-left-small:1.92%;\"><div class=\"fusion-column-wrapper fusion-column-has-shadow fusion-flex-justify-content-flex-start fusion-content-layout-column\"><div class=\"fusion-title title fusion-title-11 fusion-sep-none fusion-title-text fusion-title-size-three\" style=\"--awb-text-color:#d204ba;--awb-margin-bottom:2rem;--awb-margin-top-small:10px;--awb-margin-right-small:0px;--awb-margin-bottom-small:10px;--awb-margin-left-small:0px;\"><h3 class=\"fusion-title-heading title-heading-left fusion-responsive-typography-calculated\" style=\"margin:0;text-transform:none;--fontSize:32;line-height:1.3;\"><p class=\"wp-block-heading has-text-align-left has-text-color has-link-color wp-elements-5e64b7858aca8bc57c71460a2c83989b\">UPR en Humacao inaugura viviendas para estudiantes tras inversi\u00f3n de $9 millones<\/p><\/h3><\/div><div class=\"fusion-text fusion-text-11\"><p><span class=\"fusion-dropcap dropcap\" style=\"--awb-color:#000;\"><strong>E<\/strong><\/span>l &nbsp;edificio \u2013dise\u00f1ado para fortalecer la permanencia de los estudiantes, ampliar los servicios dirigidos al desarrollo acad\u00e9mico y servir como centro de operaciones en caso de emergencia- fue financiado con fondos del Departamento de Educaci\u00f3n de los Estados Unidos a trav\u00e9s del programa&nbsp;<em>Emergency Assistance to Institutions of Higher Education<\/em>&nbsp;(EAI).<\/p>\n<\/div><div class=\"fusion-image-element\" style=\"--awb-caption-title-font-family:var(--h2_typography-font-family);--awb-caption-title-font-weight:var(--h2_typography-font-weight);--awb-caption-title-font-style:var(--h2_typography-font-style);--awb-caption-title-size:var(--h2_typography-font-size);--awb-caption-title-transform:var(--h2_typography-text-transform);--awb-caption-title-line-height:var(--h2_typography-line-height);--awb-caption-title-letter-spacing:var(--h2_typography-letter-spacing);\"><span class=\"fusion-imageframe imageframe-none imageframe-8 hover-type-none\"><img decoding=\"async\" width=\"1024\" height=\"599\" alt=\"Fachada del edificio de la vivienda para estudiantes.\" title=\"2026-04-08\" src=\"https:\/\/www.upr.edu\/wp-content\/uploads\/2026\/04\/2026-04-08.jpg\" data-orig-src=\"https:\/\/www.upr.edu\/wp-content\/uploads\/2026\/04\/2026-04-08.jpg\" class=\"lazyload img-responsive wp-image-375938\" srcset=\"data:image\/svg+xml,%3Csvg%20xmlns%3D%27http%3A%2F%2Fwww.w3.org%2F2000%2Fsvg%27%20width%3D%271024%27%20height%3D%27599%27%20viewBox%3D%270%200%201024%20599%27%3E%3Crect%20width%3D%271024%27%20height%3D%27599%27%20fill-opacity%3D%220%22%2F%3E%3C%2Fsvg%3E\" data-srcset=\"https:\/\/www.upr.edu\/wp-content\/uploads\/2026\/04\/2026-04-08-200x117.jpg 200w, https:\/\/www.upr.edu\/wp-content\/uploads\/2026\/04\/2026-04-08-400x234.jpg 400w, https:\/\/www.upr.edu\/wp-content\/uploads\/2026\/04\/2026-04-08-600x351.jpg 600w, https:\/\/www.upr.edu\/wp-content\/uploads\/2026\/04\/2026-04-08-800x468.jpg 800w, https:\/\/www.upr.edu\/wp-content\/uploads\/2026\/04\/2026-04-08.jpg 1024w\" data-sizes=\"auto\" data-orig-sizes=\"(max-width: 640px) 100vw, 1024px\" \/><\/span><\/div><div style=\"text-align:center;\"><a class=\"fusion-button button-flat fusion-button-default-size button-custom fusion-button-default button-1 fusion-button-default-span fusion-button-default-type\" style=\"--awb-margin-top:2rem;--button_accent_color:#ffffff;--button_accent_hover_color:#ffffff;--button_border_hover_color:#ffffff;--button_gradient_top_color:#d204ba;--button_gradient_bottom_color:#d204ba;--button_gradient_top_color_hover:#b20358;--button_gradient_bottom_color_hover:#b20358;\" target=\"_self\" href=\"https:\/\/www.elnuevodia.com\/negocios\/construccion\/notas\/upr-en-humacao-inaugura-viviendas-para-estudiantes-tras-inversion-de-9-millones\/\"><span class=\"fusion-button-text awb-button__text awb-button__text--default\">Leer m\u00e1s<\/span><\/a><\/div><\/div><\/div><div class=\"fusion-layout-column fusion_builder_column fusion-builder-column-15 fusion_builder_column_1_1 1_1 fusion-flex-column\" style=\"--awb-padding-right:.5rem;--awb-padding-left:.5rem;--awb-bg-color:#00d2a5;--awb-bg-color-hover:#00d2a5;--awb-bg-size:cover;--awb-width-large:100%;--awb-margin-top-large:2rem;--awb-spacing-right-large:1.92%;--awb-margin-bottom-large:20px;--awb-spacing-left-large:1.92%;--awb-width-medium:100%;--awb-order-medium:0;--awb-spacing-right-medium:1.92%;--awb-spacing-left-medium:1.92%;--awb-width-small:100%;--awb-order-small:0;--awb-spacing-right-small:1.92%;--awb-spacing-left-small:1.92%;\"><div class=\"fusion-column-wrapper fusion-column-has-shadow fusion-flex-justify-content-flex-start fusion-content-layout-column\"><div class=\"fusion-title title fusion-title-12 fusion-sep-none fusion-title-text fusion-title-size-two\" style=\"--awb-text-color:var(--awb-color1);--awb-margin-top-small:10px;--awb-margin-right-small:0px;--awb-margin-bottom-small:10px;--awb-margin-left-small:0px;--awb-font-size:1.7rem;\"><h2 class=\"fusion-title-heading title-heading-left fusion-responsive-typography-calculated\" style=\"margin:0;text-transform:none;font-size:1em;--fontSize:27.2;line-height:1.2;\"><strong>Eventos destacados<\/strong><\/h2><\/div><\/div><\/div><div class=\"fusion-layout-column fusion_builder_column fusion-builder-column-16 fusion_builder_column_1_1 1_1 fusion-flex-column\" style=\"--awb-bg-size:cover;--awb-width-large:100%;--awb-margin-top-large:0px;--awb-spacing-right-large:1.92%;--awb-margin-bottom-large:20px;--awb-spacing-left-large:1.92%;--awb-width-medium:100%;--awb-order-medium:0;--awb-spacing-right-medium:1.92%;--awb-spacing-left-medium:1.92%;--awb-width-small:100%;--awb-order-small:0;--awb-spacing-right-small:1.92%;--awb-spacing-left-small:1.92%;\"><div class=\"fusion-column-wrapper fusion-column-has-shadow fusion-flex-justify-content-flex-start fusion-content-layout-column\"><div class=\"fusion-title title fusion-title-13 fusion-sep-none fusion-title-text fusion-title-size-three\" style=\"--awb-text-color:#d204ba;--awb-margin-bottom:2rem;--awb-margin-top-small:10px;--awb-margin-right-small:0px;--awb-margin-bottom-small:10px;--awb-margin-left-small:0px;\"><h3 class=\"fusion-title-heading title-heading-left fusion-responsive-typography-calculated\" style=\"margin:0;text-transform:none;--fontSize:32;line-height:1.3;\"><p class=\"wp-block-heading has-text-align-left has-text-color has-link-color wp-elements-f837fad21ade27baea0baea0750e695c\">La Universidad de Puerto Rico contin\u00faa impulsando el talento emprendedor de sus estudiantes<\/p><\/h3><\/div><div class=\"fusion-text fusion-text-12\"><p>20 de marzo de 2026<\/p>\n<p>La presidenta de la UPR, Dra. Zayira Jord\u00e1n Conde, estuvo presente en el evento Torito Emprende en el Recinto de Cayey, donde comparti\u00f3 con estudiantes, conoci\u00f3 sus proyectos y reconoci\u00f3 su iniciativa y creatividad.<\/p>\n<p>Este espacio refleja c\u00f3mo la UPR forma estudiantes con destrezas en innovaci\u00f3n, pensamiento empresarial y liderazgo, prepar\u00e1ndolos para aportar activamente en diversos sectores.<\/p>\n<\/div><div class=\"fusion-image-element\" style=\"--awb-caption-title-font-family:var(--h2_typography-font-family);--awb-caption-title-font-weight:var(--h2_typography-font-weight);--awb-caption-title-font-style:var(--h2_typography-font-style);--awb-caption-title-size:var(--h2_typography-font-size);--awb-caption-title-transform:var(--h2_typography-text-transform);--awb-caption-title-line-height:var(--h2_typography-line-height);--awb-caption-title-letter-spacing:var(--h2_typography-letter-spacing);\"><span class=\"fusion-imageframe imageframe-none imageframe-9 hover-type-none\"><img decoding=\"async\" width=\"1024\" height=\"284\" alt=\"dos fotos. Primera foto la presidenta Dra. Zayira Jord\u00e1n Conde mostrando algo en el tel\u00e9fono m\u00f3bil a una estudiante. Segunda imagen, presidenta compartiendo en un kiosko\" title=\"2026-04-09\" src=\"https:\/\/www.upr.edu\/wp-content\/uploads\/2026\/04\/2026-04-09.jpg\" data-orig-src=\"https:\/\/www.upr.edu\/wp-content\/uploads\/2026\/04\/2026-04-09.jpg\" class=\"lazyload img-responsive wp-image-375939\" srcset=\"data:image\/svg+xml,%3Csvg%20xmlns%3D%27http%3A%2F%2Fwww.w3.org%2F2000%2Fsvg%27%20width%3D%271024%27%20height%3D%27284%27%20viewBox%3D%270%200%201024%20284%27%3E%3Crect%20width%3D%271024%27%20height%3D%27284%27%20fill-opacity%3D%220%22%2F%3E%3C%2Fsvg%3E\" data-srcset=\"https:\/\/www.upr.edu\/wp-content\/uploads\/2026\/04\/2026-04-09-200x55.jpg 200w, https:\/\/www.upr.edu\/wp-content\/uploads\/2026\/04\/2026-04-09-400x111.jpg 400w, https:\/\/www.upr.edu\/wp-content\/uploads\/2026\/04\/2026-04-09-600x166.jpg 600w, https:\/\/www.upr.edu\/wp-content\/uploads\/2026\/04\/2026-04-09-800x222.jpg 800w, https:\/\/www.upr.edu\/wp-content\/uploads\/2026\/04\/2026-04-09.jpg 1024w\" data-sizes=\"auto\" data-orig-sizes=\"(max-width: 640px) 100vw, 1024px\" \/><\/span><\/div><div style=\"text-align:center;\"><a class=\"fusion-button button-flat fusion-button-default-size button-custom fusion-button-default button-2 fusion-button-default-span fusion-button-default-type\" style=\"--awb-margin-top:2rem;--button_accent_color:#ffffff;--button_accent_hover_color:#ffffff;--button_border_hover_color:#ffffff;--button_gradient_top_color:#d204ba;--button_gradient_bottom_color:#d204ba;--button_gradient_top_color_hover:#b20358;--button_gradient_bottom_color_hover:#b20358;\" target=\"_self\" href=\"https:\/\/www.instagram.com\/p\/DWHLf2uGoYe\/?utm_source=ig_web_copy_link&amp;igsh=MzRlODBiNWFlZA%3D%3D\"><span class=\"fusion-button-text awb-button__text awb-button__text--default\">Leer m\u00e1s<\/span><\/a><\/div><div class=\"fusion-separator\" style=\"align-self: center;margin-left: auto;margin-right: auto;margin-top:2rem;margin-bottom:2rem;width:100%;max-width:75%;\"><div class=\"fusion-separator-border sep-single sep-solid\" style=\"--awb-height:20px;--awb-amount:20px;--awb-sep-color:var(--awb-color6);border-color:var(--awb-color6);border-top-width:4px;\"><\/div><\/div><\/div><\/div><div class=\"fusion-layout-column fusion_builder_column fusion-builder-column-17 fusion_builder_column_1_1 1_1 fusion-flex-column\" style=\"--awb-bg-size:cover;--awb-width-large:100%;--awb-margin-top-large:0px;--awb-spacing-right-large:1.92%;--awb-margin-bottom-large:20px;--awb-spacing-left-large:1.92%;--awb-width-medium:100%;--awb-order-medium:0;--awb-spacing-right-medium:1.92%;--awb-spacing-left-medium:1.92%;--awb-width-small:100%;--awb-order-small:0;--awb-spacing-right-small:1.92%;--awb-spacing-left-small:1.92%;\"><div class=\"fusion-column-wrapper fusion-column-has-shadow fusion-flex-justify-content-flex-start fusion-content-layout-column\"><div class=\"fusion-title title fusion-title-14 fusion-sep-none fusion-title-text fusion-title-size-three\" style=\"--awb-text-color:#d204ba;--awb-margin-bottom:2rem;--awb-margin-top-small:10px;--awb-margin-right-small:0px;--awb-margin-bottom-small:10px;--awb-margin-left-small:0px;\"><h3 class=\"fusion-title-heading title-heading-left fusion-responsive-typography-calculated\" style=\"margin:0;text-transform:none;--fontSize:32;line-height:1.3;\"><p class=\"wp-block-heading has-text-align-left has-text-color has-link-color wp-elements-f837fad21ade27baea0baea0750e695c\">Estudiantes de UPRA inician un nuevo programa universitario<\/p><\/h3><\/div><div class=\"fusion-text fusion-text-13\"><p>22 de marzo de 2026<\/p>\n<p>La Universidad de Puerto Rico del recinto de Arecibo inicia una nueva iniciativa titulada \u00abUShow PR\u00bb para dar voz a la nueva generaci\u00f3n de comunicadores.<\/p>\n<p class=\"has-text-align-center\">Mira m\u00e1s detalles en el&nbsp;<a href=\"https:\/\/wapa.tv\/noticias\/entretenimiento\/estudiantes-de-upra-inician-un-nuevo-programa-universitario\/article_6641a86a-c0ab-43ed-a53b-8c030ab41279.html\"><strong>video<\/strong>&nbsp;<\/a>que acompa\u00f1a la nota.<\/p>\n<\/div><div class=\"fusion-image-element\" style=\"--awb-caption-title-font-family:var(--h2_typography-font-family);--awb-caption-title-font-weight:var(--h2_typography-font-weight);--awb-caption-title-font-style:var(--h2_typography-font-style);--awb-caption-title-size:var(--h2_typography-font-size);--awb-caption-title-transform:var(--h2_typography-text-transform);--awb-caption-title-line-height:var(--h2_typography-line-height);--awb-caption-title-letter-spacing:var(--h2_typography-letter-spacing);\"><span class=\"fusion-imageframe imageframe-none imageframe-10 hover-type-none\"><img decoding=\"async\" width=\"1024\" height=\"577\" alt=\"Captura de imagen del programa Noticentro al Amanecer, en la entrevista a los estudiantes de la UPR de Arecibo.\" title=\"2026-04-10\" src=\"https:\/\/www.upr.edu\/wp-content\/uploads\/2026\/04\/2026-04-10.png\" data-orig-src=\"https:\/\/www.upr.edu\/wp-content\/uploads\/2026\/04\/2026-04-10.png\" class=\"lazyload img-responsive wp-image-375940\" srcset=\"data:image\/svg+xml,%3Csvg%20xmlns%3D%27http%3A%2F%2Fwww.w3.org%2F2000%2Fsvg%27%20width%3D%271024%27%20height%3D%27577%27%20viewBox%3D%270%200%201024%20577%27%3E%3Crect%20width%3D%271024%27%20height%3D%27577%27%20fill-opacity%3D%220%22%2F%3E%3C%2Fsvg%3E\" data-srcset=\"https:\/\/www.upr.edu\/wp-content\/uploads\/2026\/04\/2026-04-10-200x113.png 200w, https:\/\/www.upr.edu\/wp-content\/uploads\/2026\/04\/2026-04-10-400x225.png 400w, https:\/\/www.upr.edu\/wp-content\/uploads\/2026\/04\/2026-04-10-600x338.png 600w, https:\/\/www.upr.edu\/wp-content\/uploads\/2026\/04\/2026-04-10-800x451.png 800w, https:\/\/www.upr.edu\/wp-content\/uploads\/2026\/04\/2026-04-10.png 1024w\" data-sizes=\"auto\" data-orig-sizes=\"(max-width: 640px) 100vw, 1024px\" \/><\/span><\/div><div class=\"fusion-text fusion-text-14\" style=\"--awb-font-size:.8rem;\"><p style=\"text-align: center;\">Foto: Cortes\u00eda de <strong>wapa.tv<\/strong>&nbsp;<\/p>\n<\/div><div style=\"text-align:center;\"><a class=\"fusion-button button-flat fusion-button-default-size button-custom fusion-button-default button-3 fusion-button-default-span fusion-button-default-type\" style=\"--button_accent_color:#ffffff;--button_accent_hover_color:#ffffff;--button_border_hover_color:#ffffff;--button_gradient_top_color:#d204ba;--button_gradient_bottom_color:#d204ba;--button_gradient_top_color_hover:#b20358;--button_gradient_bottom_color_hover:#b20358;\" target=\"_self\" href=\"https:\/\/www.instagram.com\/p\/DWHLf2uGoYe\/?utm_source=ig_web_copy_link&amp;igsh=MzRlODBiNWFlZA%3D%3D\"><span class=\"fusion-button-text awb-button__text awb-button__text--default\">Leer m\u00e1s<\/span><\/a><\/div><div class=\"fusion-separator\" style=\"align-self: center;margin-left: auto;margin-right: auto;margin-top:2rem;margin-bottom:2rem;width:100%;max-width:75%;\"><div class=\"fusion-separator-border sep-single sep-solid\" style=\"--awb-height:20px;--awb-amount:20px;--awb-sep-color:var(--awb-color6);border-color:var(--awb-color6);border-top-width:4px;\"><\/div><\/div><\/div><\/div><div class=\"fusion-layout-column fusion_builder_column fusion-builder-column-18 fusion_builder_column_1_1 1_1 fusion-flex-column\" style=\"--awb-bg-size:cover;--awb-width-large:100%;--awb-margin-top-large:0px;--awb-spacing-right-large:1.92%;--awb-margin-bottom-large:20px;--awb-spacing-left-large:1.92%;--awb-width-medium:100%;--awb-order-medium:0;--awb-spacing-right-medium:1.92%;--awb-spacing-left-medium:1.92%;--awb-width-small:100%;--awb-order-small:0;--awb-spacing-right-small:1.92%;--awb-spacing-left-small:1.92%;\"><div class=\"fusion-column-wrapper fusion-column-has-shadow fusion-flex-justify-content-flex-start fusion-content-layout-column\"><div class=\"fusion-title title fusion-title-15 fusion-sep-none fusion-title-text fusion-title-size-three\" style=\"--awb-text-color:#d204ba;--awb-margin-bottom:2rem;--awb-margin-top-small:10px;--awb-margin-right-small:0px;--awb-margin-bottom-small:10px;--awb-margin-left-small:0px;\"><h3 class=\"fusion-title-heading title-heading-left fusion-responsive-typography-calculated\" style=\"margin:0;text-transform:none;--fontSize:32;line-height:1.3;\"><p class=\"wp-block-heading has-text-align-left has-text-color has-link-color wp-elements-f837fad21ade27baea0baea0750e695c\">Fortaleciendo el liderazgo institucional desde la innovaci\u00f3n<\/p><\/h3><\/div><div class=\"fusion-text fusion-text-15\"><p>22 de marzo de 2026<\/p>\n<p>Como parte de la visi\u00f3n de una gesti\u00f3n \u00e1gil y transformadora impulsada por la presidenta de la Universidad de Puerto Rico, Dra. Zayira Jord\u00e1n Conde, rectores y l\u00edderes de la Administraci\u00f3n Central participaron en el AWS Culture of Innovation Workshop, ofrecido por Amazon Web Services (AWS).<\/p>\n<\/div><div class=\"fusion-image-element\" style=\"--awb-caption-title-font-family:var(--h2_typography-font-family);--awb-caption-title-font-weight:var(--h2_typography-font-weight);--awb-caption-title-font-style:var(--h2_typography-font-style);--awb-caption-title-size:var(--h2_typography-font-size);--awb-caption-title-transform:var(--h2_typography-text-transform);--awb-caption-title-line-height:var(--h2_typography-line-height);--awb-caption-title-letter-spacing:var(--h2_typography-letter-spacing);\"><span class=\"fusion-imageframe imageframe-none imageframe-11 hover-type-none\"><img decoding=\"async\" width=\"1024\" height=\"284\" alt=\"Dos im\u00e1genes que muestran a un moderador haciendo una presentaci\u00f3n dirigi\u00e9ndose al p\u00fablico en la sala.\" title=\"2026-04-11\" src=\"https:\/\/www.upr.edu\/wp-content\/uploads\/2026\/04\/2026-04-11.jpg\" data-orig-src=\"https:\/\/www.upr.edu\/wp-content\/uploads\/2026\/04\/2026-04-11.jpg\" class=\"lazyload img-responsive wp-image-375941\" srcset=\"data:image\/svg+xml,%3Csvg%20xmlns%3D%27http%3A%2F%2Fwww.w3.org%2F2000%2Fsvg%27%20width%3D%271024%27%20height%3D%27284%27%20viewBox%3D%270%200%201024%20284%27%3E%3Crect%20width%3D%271024%27%20height%3D%27284%27%20fill-opacity%3D%220%22%2F%3E%3C%2Fsvg%3E\" data-srcset=\"https:\/\/www.upr.edu\/wp-content\/uploads\/2026\/04\/2026-04-11-200x55.jpg 200w, https:\/\/www.upr.edu\/wp-content\/uploads\/2026\/04\/2026-04-11-400x111.jpg 400w, https:\/\/www.upr.edu\/wp-content\/uploads\/2026\/04\/2026-04-11-600x166.jpg 600w, https:\/\/www.upr.edu\/wp-content\/uploads\/2026\/04\/2026-04-11-800x222.jpg 800w, https:\/\/www.upr.edu\/wp-content\/uploads\/2026\/04\/2026-04-11.jpg 1024w\" data-sizes=\"auto\" data-orig-sizes=\"(max-width: 640px) 100vw, 1024px\" \/><\/span><\/div><div style=\"text-align:center;\"><a class=\"fusion-button button-flat fusion-button-default-size button-custom fusion-button-default button-4 fusion-button-default-span fusion-button-default-type\" style=\"--awb-margin-top:2rem;--button_accent_color:#ffffff;--button_accent_hover_color:#ffffff;--button_border_hover_color:#ffffff;--button_gradient_top_color:#d204ba;--button_gradient_bottom_color:#d204ba;--button_gradient_top_color_hover:#b20358;--button_gradient_bottom_color_hover:#b20358;\" target=\"_self\" href=\"https:\/\/www.instagram.com\/p\/DWG_Ij7ALUr\/?img_index=1\"><span class=\"fusion-button-text awb-button__text awb-button__text--default\">Leer m\u00e1s<\/span><\/a><\/div><div class=\"fusion-separator\" style=\"align-self: center;margin-left: auto;margin-right: auto;margin-top:2rem;margin-bottom:2rem;width:100%;max-width:75%;\"><div class=\"fusion-separator-border sep-single sep-solid\" style=\"--awb-height:20px;--awb-amount:20px;--awb-sep-color:var(--awb-color6);border-color:var(--awb-color6);border-top-width:4px;\"><\/div><\/div><\/div><\/div><div class=\"fusion-layout-column fusion_builder_column fusion-builder-column-19 fusion_builder_column_1_1 1_1 fusion-flex-column\" style=\"--awb-bg-size:cover;--awb-width-large:100%;--awb-margin-top-large:0px;--awb-spacing-right-large:1.92%;--awb-margin-bottom-large:20px;--awb-spacing-left-large:1.92%;--awb-width-medium:100%;--awb-order-medium:0;--awb-spacing-right-medium:1.92%;--awb-spacing-left-medium:1.92%;--awb-width-small:100%;--awb-order-small:0;--awb-spacing-right-small:1.92%;--awb-spacing-left-small:1.92%;\"><div class=\"fusion-column-wrapper fusion-column-has-shadow fusion-flex-justify-content-flex-start fusion-content-layout-column\"><div class=\"fusion-title title fusion-title-16 fusion-sep-none fusion-title-text fusion-title-size-three\" style=\"--awb-text-color:#d204ba;--awb-margin-bottom:2rem;--awb-margin-top-small:10px;--awb-margin-right-small:0px;--awb-margin-bottom-small:10px;--awb-margin-left-small:0px;\"><h3 class=\"fusion-title-heading title-heading-left fusion-responsive-typography-calculated\" style=\"margin:0;text-transform:none;--fontSize:32;line-height:1.3;\"><p class=\"wp-block-heading has-text-align-left has-text-color has-link-color wp-elements-f837fad21ade27baea0baea0750e695c\">Fortaleciendo el liderazgo institucional desde la innovaci\u00f3n<\/p><\/h3><\/div><div class=\"fusion-text fusion-text-16\"><p>5 de marzo de 2026<\/p>\n<p><span class=\"fusion-dropcap dropcap\" style=\"--awb-color:#000;\"><strong>E<\/strong><\/span>l presente OPITT cuenta con un porfolio de 105 patentes, lo que representa un incremento de m\u00e1s de un 40% en el trabajo realizado en los \u00faltimos a\u00f1os. En el a\u00f1o fiscal 2020 la administraci\u00f3n universitariaUPR Bayam\u00f3n y el Departamento de Educaci\u00f3n fortalecen la formaci\u00f3n STEM alcanz\u00f3 la cifra hist\u00f3rica de 17 patentes, cifra que supera las&nbsp; 10 patentes alcanzadas en el a\u00f1o fiscal 2019. En curso est\u00e1n&nbsp; otras cuatro patentes.<\/p>\n<\/div><div class=\"fusion-image-element\" style=\"--awb-caption-title-font-family:var(--h2_typography-font-family);--awb-caption-title-font-weight:var(--h2_typography-font-weight);--awb-caption-title-font-style:var(--h2_typography-font-style);--awb-caption-title-size:var(--h2_typography-font-size);--awb-caption-title-transform:var(--h2_typography-text-transform);--awb-caption-title-line-height:var(--h2_typography-line-height);--awb-caption-title-letter-spacing:var(--h2_typography-letter-spacing);\"><span class=\"fusion-imageframe imageframe-none imageframe-12 hover-type-none\"><img decoding=\"async\" width=\"1024\" height=\"489\" alt=\"Dra. Zayira Jord\u00e1n Conde, Presidenta de la UPR, junto con director de la Oficina de Propiedad Intelectual, firmando unos papeles.\" title=\"2026-04-12\" src=\"https:\/\/www.upr.edu\/wp-content\/uploads\/2026\/04\/2026-04-12.png\" data-orig-src=\"https:\/\/www.upr.edu\/wp-content\/uploads\/2026\/04\/2026-04-12.png\" class=\"lazyload img-responsive wp-image-375942\" srcset=\"data:image\/svg+xml,%3Csvg%20xmlns%3D%27http%3A%2F%2Fwww.w3.org%2F2000%2Fsvg%27%20width%3D%271024%27%20height%3D%27489%27%20viewBox%3D%270%200%201024%20489%27%3E%3Crect%20width%3D%271024%27%20height%3D%27489%27%20fill-opacity%3D%220%22%2F%3E%3C%2Fsvg%3E\" data-srcset=\"https:\/\/www.upr.edu\/wp-content\/uploads\/2026\/04\/2026-04-12-200x96.png 200w, https:\/\/www.upr.edu\/wp-content\/uploads\/2026\/04\/2026-04-12-400x191.png 400w, https:\/\/www.upr.edu\/wp-content\/uploads\/2026\/04\/2026-04-12-600x287.png 600w, https:\/\/www.upr.edu\/wp-content\/uploads\/2026\/04\/2026-04-12-800x382.png 800w, https:\/\/www.upr.edu\/wp-content\/uploads\/2026\/04\/2026-04-12.png 1024w\" data-sizes=\"auto\" data-orig-sizes=\"(max-width: 640px) 100vw, 1024px\" \/><\/span><\/div><div style=\"text-align:center;\"><a class=\"fusion-button button-flat fusion-button-default-size button-custom fusion-button-default button-5 fusion-button-default-span fusion-button-default-type\" style=\"--awb-margin-top:2rem;--button_accent_color:#ffffff;--button_accent_hover_color:#ffffff;--button_border_hover_color:#ffffff;--button_gradient_top_color:#d204ba;--button_gradient_bottom_color:#d204ba;--button_gradient_top_color_hover:#b20358;--button_gradient_bottom_color_hover:#b20358;\" target=\"_self\" href=\"https:\/\/www.instagram.com\/p\/DWG_Ij7ALUr\/?img_index=1\"><span class=\"fusion-button-text awb-button__text awb-button__text--default\">Leer m\u00e1s<\/span><\/a><\/div><div class=\"fusion-separator\" style=\"align-self: center;margin-left: auto;margin-right: auto;margin-top:2rem;margin-bottom:2rem;width:100%;max-width:75%;\"><div class=\"fusion-separator-border sep-single sep-solid\" style=\"--awb-height:20px;--awb-amount:20px;--awb-sep-color:var(--awb-color6);border-color:var(--awb-color6);border-top-width:4px;\"><\/div><\/div><\/div><\/div><div class=\"fusion-layout-column fusion_builder_column fusion-builder-column-20 fusion_builder_column_1_1 1_1 fusion-flex-column\" style=\"--awb-bg-size:cover;--awb-width-large:100%;--awb-margin-top-large:0px;--awb-spacing-right-large:1.92%;--awb-margin-bottom-large:20px;--awb-spacing-left-large:1.92%;--awb-width-medium:100%;--awb-order-medium:0;--awb-spacing-right-medium:1.92%;--awb-spacing-left-medium:1.92%;--awb-width-small:100%;--awb-order-small:0;--awb-spacing-right-small:1.92%;--awb-spacing-left-small:1.92%;\"><div class=\"fusion-column-wrapper fusion-column-has-shadow fusion-flex-justify-content-flex-start fusion-content-layout-column\"><div class=\"fusion-title title fusion-title-17 fusion-sep-none fusion-title-text fusion-title-size-three\" style=\"--awb-text-color:#d204ba;--awb-margin-bottom:2rem;--awb-margin-top-small:10px;--awb-margin-right-small:0px;--awb-margin-bottom-small:10px;--awb-margin-left-small:0px;\"><h3 class=\"fusion-title-heading title-heading-left fusion-responsive-typography-calculated\" style=\"margin:0;text-transform:none;--fontSize:32;line-height:1.3;\"><p class=\"wp-block-heading has-text-align-left has-text-color has-link-color wp-elements-f837fad21ade27baea0baea0750e695c\">UPR-Ponce lidera colaboraci\u00f3n cient\u00edfica para manejo responsable del coqu\u00ed en Haw\u00e1i<\/p><\/h3><\/div><div class=\"fusion-text fusion-text-17\"><p>22 de marzo de 2026<\/p>\n<p><span class=\"fusion-dropcap dropcap\" style=\"--awb-color:#000;\"><strong>E<\/strong><\/span>n&nbsp;un esfuerzo sin precedentes por fortalecer los lazos de colaboraci\u00f3n cient\u00edfica entre Puerto Rico y Haw\u00e1i, la Universidad de Puerto Rico (UPR) en Ponce inici\u00f3 un proyecto de investigaci\u00f3n interdisciplinario para apoyar estrategias de manejo responsable de poblaciones del coqu\u00ed com\u00fan (Eleutherodactylus coqui) en la isla de Oahu.<\/p>\n<\/div><div class=\"fusion-image-element\" style=\"--awb-caption-title-font-family:var(--h2_typography-font-family);--awb-caption-title-font-weight:var(--h2_typography-font-weight);--awb-caption-title-font-style:var(--h2_typography-font-style);--awb-caption-title-size:var(--h2_typography-font-size);--awb-caption-title-transform:var(--h2_typography-text-transform);--awb-caption-title-line-height:var(--h2_typography-line-height);--awb-caption-title-letter-spacing:var(--h2_typography-letter-spacing);\"><span class=\"fusion-imageframe imageframe-none imageframe-13 hover-type-none\"><img decoding=\"async\" width=\"1024\" height=\"528\" alt=\"Coqu\u00ed posado sobre una hoja.\" title=\"2026-04-13\" src=\"https:\/\/www.upr.edu\/wp-content\/uploads\/2026\/04\/2026-04-13.jpg\" data-orig-src=\"https:\/\/www.upr.edu\/wp-content\/uploads\/2026\/04\/2026-04-13.jpg\" class=\"lazyload img-responsive wp-image-375943\" srcset=\"data:image\/svg+xml,%3Csvg%20xmlns%3D%27http%3A%2F%2Fwww.w3.org%2F2000%2Fsvg%27%20width%3D%271024%27%20height%3D%27528%27%20viewBox%3D%270%200%201024%20528%27%3E%3Crect%20width%3D%271024%27%20height%3D%27528%27%20fill-opacity%3D%220%22%2F%3E%3C%2Fsvg%3E\" data-srcset=\"https:\/\/www.upr.edu\/wp-content\/uploads\/2026\/04\/2026-04-13-200x103.jpg 200w, https:\/\/www.upr.edu\/wp-content\/uploads\/2026\/04\/2026-04-13-400x206.jpg 400w, https:\/\/www.upr.edu\/wp-content\/uploads\/2026\/04\/2026-04-13-600x309.jpg 600w, https:\/\/www.upr.edu\/wp-content\/uploads\/2026\/04\/2026-04-13-800x413.jpg 800w, https:\/\/www.upr.edu\/wp-content\/uploads\/2026\/04\/2026-04-13.jpg 1024w\" data-sizes=\"auto\" data-orig-sizes=\"(max-width: 640px) 100vw, 1024px\" \/><\/span><\/div><div class=\"fusion-text fusion-text-18\" style=\"--awb-font-size:.8rem;\"><p style=\"text-align: center;\">\u201cEleutherodactylus coqui\u201d en Finca Madre Isla, Adjuntas.<br \/>Foto: Dr. Alejandro R\u00edos Franceschi, ec\u00f3logo y profesor en la UPR-Ponce.<\/p>\n<\/div><div style=\"text-align:center;\"><a class=\"fusion-button button-flat fusion-button-default-size button-custom fusion-button-default button-6 fusion-button-default-span fusion-button-default-type\" style=\"--button_accent_color:#ffffff;--button_accent_hover_color:#ffffff;--button_border_hover_color:#ffffff;--button_gradient_top_color:#d204ba;--button_gradient_bottom_color:#d204ba;--button_gradient_top_color_hover:#b20358;--button_gradient_bottom_color_hover:#b20358;\" target=\"_self\" href=\"https:\/\/www.instagram.com\/p\/DWG_Ij7ALUr\/?img_index=1\"><span class=\"fusion-button-text awb-button__text awb-button__text--default\">Leer m\u00e1s<\/span><\/a><\/div><div class=\"fusion-separator\" style=\"align-self: center;margin-left: auto;margin-right: auto;margin-top:2rem;margin-bottom:2rem;width:100%;max-width:75%;\"><div class=\"fusion-separator-border sep-single sep-solid\" style=\"--awb-height:20px;--awb-amount:20px;--awb-sep-color:var(--awb-color6);border-color:var(--awb-color6);border-top-width:4px;\"><\/div><\/div><\/div><\/div><div class=\"fusion-layout-column fusion_builder_column fusion-builder-column-21 fusion_builder_column_1_1 1_1 fusion-flex-column\" style=\"--awb-bg-size:cover;--awb-width-large:100%;--awb-margin-top-large:0px;--awb-spacing-right-large:1.92%;--awb-margin-bottom-large:20px;--awb-spacing-left-large:1.92%;--awb-width-medium:100%;--awb-order-medium:0;--awb-spacing-right-medium:1.92%;--awb-spacing-left-medium:1.92%;--awb-width-small:100%;--awb-order-small:0;--awb-spacing-right-small:1.92%;--awb-spacing-left-small:1.92%;\"><div class=\"fusion-column-wrapper fusion-column-has-shadow fusion-flex-justify-content-flex-start fusion-content-layout-column\"><div class=\"fusion-image-element\" style=\"--awb-caption-title-font-family:var(--h2_typography-font-family);--awb-caption-title-font-weight:var(--h2_typography-font-weight);--awb-caption-title-font-style:var(--h2_typography-font-style);--awb-caption-title-size:var(--h2_typography-font-size);--awb-caption-title-transform:var(--h2_typography-text-transform);--awb-caption-title-line-height:var(--h2_typography-line-height);--awb-caption-title-letter-spacing:var(--h2_typography-letter-spacing);\"><span class=\"fusion-imageframe imageframe-none imageframe-14 hover-type-none\"><a class=\"fusion-no-lightbox\" href=\"\/en\/Banner de UPR Socio Estrat\u00e9gico - Un espacio de di\u00e1logo estrat\u00e9gico dirigido por la Presidenta de la universidad de Puerto Rico.\/\" target=\"_self\" aria-label=\"Social\"><img decoding=\"async\" width=\"1024\" height=\"500\" alt=\"Baner anunciando UPR Socio Estrat\u00e9gico. Un espacio de di\u00e1logo estrat\u00e9gico dirigido por la presidenta de la UPR.\" src=\"https:\/\/www.upr.edu\/wp-content\/uploads\/2026\/04\/2026-04-14.jpg\" data-orig-src=\"https:\/\/www.upr.edu\/wp-content\/uploads\/2026\/04\/2026-04-14.jpg\" class=\"lazyload img-responsive wp-image-375944\" srcset=\"data:image\/svg+xml,%3Csvg%20xmlns%3D%27http%3A%2F%2Fwww.w3.org%2F2000%2Fsvg%27%20width%3D%271024%27%20height%3D%27500%27%20viewBox%3D%270%200%201024%20500%27%3E%3Crect%20width%3D%271024%27%20height%3D%27500%27%20fill-opacity%3D%220%22%2F%3E%3C%2Fsvg%3E\" data-srcset=\"https:\/\/www.upr.edu\/wp-content\/uploads\/2026\/04\/2026-04-14-200x98.jpg 200w, https:\/\/www.upr.edu\/wp-content\/uploads\/2026\/04\/2026-04-14-400x195.jpg 400w, https:\/\/www.upr.edu\/wp-content\/uploads\/2026\/04\/2026-04-14-600x293.jpg 600w, https:\/\/www.upr.edu\/wp-content\/uploads\/2026\/04\/2026-04-14-800x391.jpg 800w, https:\/\/www.upr.edu\/wp-content\/uploads\/2026\/04\/2026-04-14.jpg 1024w\" data-sizes=\"auto\" data-orig-sizes=\"(max-width: 640px) 100vw, 1024px\" \/><\/a><\/span><\/div><ul style=\"--awb-line-height:27.2px;--awb-icon-width:27.2px;--awb-icon-height:27.2px;--awb-icon-margin:11.2px;--awb-content-margin:38.4px;--awb-circlecolor:#000000;--awb-circle-yes-font-size:14.08px;\" class=\"fusion-checklist fusion-checklist-4 fusion-checklist-default type-icons\"><li class=\"fusion-li-item\" style=\"\"><span class=\"icon-wrapper circle-yes\"><i class=\"fusion-li-icon fa-link fas\" aria-hidden=\"true\"><\/i><\/span><div class=\"fusion-li-item-content\">\n<p><a href=\"https:\/\/www.youtube.com\/watch?v=KX7ZNon7pQI\"><strong>Mira m\u00e1s detalles en el video en este&nbsp;enlace.<\/strong><\/a><\/p>\n<\/div><\/li><\/ul><div class=\"fusion-separator\" style=\"align-self: center;margin-left: auto;margin-right: auto;margin-top:2rem;margin-bottom:2rem;width:100%;max-width:75%;\"><div class=\"fusion-separator-border sep-single sep-solid\" style=\"--awb-height:20px;--awb-amount:20px;--awb-sep-color:var(--awb-color6);border-color:var(--awb-color6);border-top-width:4px;\"><\/div><\/div><\/div><\/div><div class=\"fusion-layout-column fusion_builder_column fusion-builder-column-22 fusion_builder_column_1_1 1_1 fusion-flex-column\" style=\"--awb-bg-size:cover;--awb-width-large:100%;--awb-margin-top-large:0px;--awb-spacing-right-large:1.92%;--awb-margin-bottom-large:20px;--awb-spacing-left-large:1.92%;--awb-width-medium:100%;--awb-order-medium:0;--awb-spacing-right-medium:1.92%;--awb-spacing-left-medium:1.92%;--awb-width-small:100%;--awb-order-small:0;--awb-spacing-right-small:1.92%;--awb-spacing-left-small:1.92%;\"><div class=\"fusion-column-wrapper fusion-column-has-shadow fusion-flex-justify-content-flex-start fusion-content-layout-column\"><div class=\"fusion-title title fusion-title-18 fusion-sep-none fusion-title-text fusion-title-size-paragraph\" style=\"--awb-text-color:var(--awb-color7);--awb-margin-bottom:2rem;--awb-margin-top-small:10px;--awb-margin-right-small:0px;--awb-margin-bottom-small:10px;--awb-margin-left-small:0px;--awb-font-size:1.3rem;\"><p class=\"fusion-title-heading title-heading-left title-heading-tag fusion-responsive-typography-calculated\" style=\"margin:0;text-transform:none;font-size:1em;--fontSize:20.8;--minFontSize:20.8;line-height:1.2;\"><p class=\"wp-block-heading has-text-align-left has-text-color has-link-color wp-elements-f837fad21ade27baea0baea0750e695c\"><strong>La Universidad de Puerto Rico avanza como sistema: conectando talento, conocimiento y oportunidades para transformar el pa\u00eds.<\/strong><\/p><\/p><\/div><div class=\"fusion-separator\" style=\"align-self: center;margin-left: auto;margin-right: auto;margin-top:2rem;margin-bottom:2rem;width:100%;max-width:75%;\"><div class=\"fusion-separator-border sep-single sep-solid\" style=\"--awb-height:20px;--awb-amount:20px;--awb-sep-color:var(--awb-color6);border-color:var(--awb-color6);border-top-width:4px;\"><\/div><\/div><\/div><\/div><div class=\"fusion-layout-column fusion_builder_column fusion-builder-column-23 fusion_builder_column_1_1 1_1 fusion-flex-column\" style=\"--awb-bg-size:cover;--awb-width-large:100%;--awb-margin-top-large:0px;--awb-spacing-right-large:1.92%;--awb-margin-bottom-large:20px;--awb-spacing-left-large:1.92%;--awb-width-medium:100%;--awb-order-medium:0;--awb-spacing-right-medium:1.92%;--awb-spacing-left-medium:1.92%;--awb-width-small:100%;--awb-order-small:0;--awb-spacing-right-small:1.92%;--awb-spacing-left-small:1.92%;\"><div class=\"fusion-column-wrapper fusion-column-has-shadow fusion-flex-justify-content-flex-start fusion-content-layout-column\"><div class=\"fusion-image-element\" style=\"--awb-caption-title-font-family:var(--h2_typography-font-family);--awb-caption-title-font-weight:var(--h2_typography-font-weight);--awb-caption-title-font-style:var(--h2_typography-font-style);--awb-caption-title-size:var(--h2_typography-font-size);--awb-caption-title-transform:var(--h2_typography-text-transform);--awb-caption-title-line-height:var(--h2_typography-line-height);--awb-caption-title-letter-spacing:var(--h2_typography-letter-spacing);\"><span class=\"fusion-imageframe imageframe-none imageframe-15 hover-type-none\"><img decoding=\"async\" width=\"1024\" height=\"134\" alt=\"Banner Somos Tu Universidad\" title=\"Social\" src=\"https:\/\/www.upr.edu\/wp-content\/uploads\/2026\/04\/5026-04-15.jpg\" data-orig-src=\"https:\/\/www.upr.edu\/wp-content\/uploads\/2026\/04\/5026-04-15.jpg\" class=\"lazyload img-responsive wp-image-375945\" srcset=\"data:image\/svg+xml,%3Csvg%20xmlns%3D%27http%3A%2F%2Fwww.w3.org%2F2000%2Fsvg%27%20width%3D%271024%27%20height%3D%27134%27%20viewBox%3D%270%200%201024%20134%27%3E%3Crect%20width%3D%271024%27%20height%3D%27134%27%20fill-opacity%3D%220%22%2F%3E%3C%2Fsvg%3E\" data-srcset=\"https:\/\/www.upr.edu\/wp-content\/uploads\/2026\/04\/5026-04-15-200x26.jpg 200w, https:\/\/www.upr.edu\/wp-content\/uploads\/2026\/04\/5026-04-15-400x52.jpg 400w, https:\/\/www.upr.edu\/wp-content\/uploads\/2026\/04\/5026-04-15-600x79.jpg 600w, https:\/\/www.upr.edu\/wp-content\/uploads\/2026\/04\/5026-04-15-800x105.jpg 800w, https:\/\/www.upr.edu\/wp-content\/uploads\/2026\/04\/5026-04-15.jpg 1024w\" data-sizes=\"auto\" data-orig-sizes=\"(max-width: 640px) 100vw, 1024px\" \/><\/span><\/div><div class=\"fusion-text fusion-text-19\" style=\"--awb-font-size:.8rem;\"><p class=\"has-text-align-center\" style=\"text-align: center;\">&nbsp;<\/p>\n<p class=\"has-text-align-center\" style=\"text-align: center;\">\u00a9 2026 Universidad de Puerto Rico. Todos los derechos reservados.<\/p>\n<\/div><\/div><\/div><div class=\"fusion-layout-column fusion_builder_column fusion-builder-column-24 fusion_builder_column_1_1 1_1 fusion-flex-column\" style=\"--awb-bg-size:cover;--awb-width-large:100%;--awb-margin-top-large:0px;--awb-spacing-right-large:1.92%;--awb-margin-bottom-large:20px;--awb-spacing-left-large:1.92%;--awb-width-medium:100%;--awb-order-medium:0;--awb-spacing-right-medium:1.92%;--awb-spacing-left-medium:1.92%;--awb-width-small:100%;--awb-order-small:0;--awb-spacing-right-small:1.92%;--awb-spacing-left-small:1.92%;\"><div class=\"fusion-column-wrapper fusion-column-has-shadow fusion-flex-justify-content-flex-start fusion-content-layout-column\"><div class=\"fusion-social-links fusion-social-links-1\" style=\"--awb-margin-top:0px;--awb-margin-right:0px;--awb-margin-bottom:0px;--awb-margin-left:0px;--awb-alignment:center;--awb-box-border-top:0px;--awb-box-border-right:0px;--awb-box-border-bottom:0px;--awb-box-border-left:0px;--awb-icon-colors-hover:rgba(158,160,164,0.8);--awb-box-colors-hover:rgba(242,243,245,0.8);--awb-box-border-color:var(--awb-color3);--awb-box-border-color-hover:var(--awb-color4);\"><div class=\"fusion-social-networks color-type-custom\"><div class=\"fusion-social-networks-wrapper\"><a class=\"fusion-social-network-icon fusion-tooltip fusion-facebook awb-icon-facebook\" style=\"color:#9ea0a4;font-size:16px;\" data-placement=\"top\" data-title=\"Facebook\" data-toggle=\"tooltip\" title=\"Facebook\" aria-label=\"facebook\" target=\"_blank\" rel=\"noopener noreferrer\" href=\"#https:\/\/www.facebook.com\/UPR.Oficial\/\"><\/a><a class=\"fusion-social-network-icon fusion-tooltip fusion-twitter awb-icon-twitter\" style=\"color:#9ea0a4;font-size:16px;\" data-placement=\"top\" data-title=\"X\" data-toggle=\"tooltip\" title=\"X\" aria-label=\"twitter\" target=\"_blank\" rel=\"noopener noreferrer\" href=\"#https:\/\/x.com\/upr_oficial\"><\/a><a class=\"fusion-social-network-icon fusion-tooltip fusion-instagram awb-icon-instagram\" style=\"color:#9ea0a4;font-size:16px;\" data-placement=\"top\" data-title=\"Instagram\" data-toggle=\"tooltip\" title=\"Instagram\" aria-label=\"instagram\" target=\"_blank\" rel=\"noopener noreferrer\" href=\"#https:\/\/www.instagram.com\/upr_oficial\/\"><\/a><a class=\"fusion-social-network-icon fusion-tooltip fusion-youtube awb-icon-youtube\" style=\"color:#9ea0a4;font-size:16px;\" data-placement=\"top\" data-title=\"YouTube\" data-toggle=\"tooltip\" title=\"YouTube\" aria-label=\"youtube\" target=\"_blank\" rel=\"noopener noreferrer\" href=\"https:\/\/www.youtube.com\/@UniversidaddePuertoRico\"><\/a><\/div><\/div><\/div><\/div><\/div><\/div><\/div>","protected":false},"excerpt":{"rendered":"SOMOS UPRCuando la UPR se conecta, Puerto Rico Avanza Edici\u00f3n  [...]","protected":false},"author":237,"featured_media":0,"comment_status":"closed","ping_status":"open","sticky":false,"template":"","format":"standard","meta":{"_themeisle_gutenberg_block_has_review":false,"footnotes":""},"categories":[180],"tags":[],"class_list":["post-375922","post","type-post","status-publish","format-standard","hentry","category-somos-upr"],"_links":{"self":[{"href":"https:\/\/www.upr.edu\/en\/wp-json\/wp\/v2\/posts\/375922","targetHints":{"allow":["GET"]}}],"collection":[{"href":"https:\/\/www.upr.edu\/en\/wp-json\/wp\/v2\/posts"}],"about":[{"href":"https:\/\/www.upr.edu\/en\/wp-json\/wp\/v2\/types\/post"}],"author":[{"embeddable":true,"href":"https:\/\/www.upr.edu\/en\/wp-json\/wp\/v2\/users\/237"}],"replies":[{"embeddable":true,"href":"https:\/\/www.upr.edu\/en\/wp-json\/wp\/v2\/comments?post=375922"}],"version-history":[{"count":21,"href":"https:\/\/www.upr.edu\/en\/wp-json\/wp\/v2\/posts\/375922\/revisions"}],"predecessor-version":[{"id":375965,"href":"https:\/\/www.upr.edu\/en\/wp-json\/wp\/v2\/posts\/375922\/revisions\/375965"}],"wp:attachment":[{"href":"https:\/\/www.upr.edu\/en\/wp-json\/wp\/v2\/media?parent=375922"}],"wp:term":[{"taxonomy":"category","embeddable":true,"href":"https:\/\/www.upr.edu\/en\/wp-json\/wp\/v2\/categories?post=375922"},{"taxonomy":"post_tag","embeddable":true,"href":"https:\/\/www.upr.edu\/en\/wp-json\/wp\/v2\/tags?post=375922"}],"curies":[{"name":"wp","href":"https:\/\/api.w.org\/{rel}","templated":true}]}}