{"id":375914,"date":"2026-04-27T14:21:04","date_gmt":"2026-04-27T18:21:04","guid":{"rendered":"https:\/\/www.upr.edu\/?p=375914"},"modified":"2026-04-27T15:13:28","modified_gmt":"2026-04-27T19:13:28","slug":"somos-upr","status":"publish","type":"post","link":"https:\/\/www.upr.edu\/en\/somos-upr\/","title":{"rendered":"Somos UPR"},"content":{"rendered":"<div class=\"fusion-fullwidth fullwidth-box fusion-builder-row-1 fusion-flex-container nonhundred-percent-fullwidth non-hundred-percent-height-scrolling\" style=\"--awb-border-radius-top-left:0px;--awb-border-radius-top-right:0px;--awb-border-radius-bottom-right:0px;--awb-border-radius-bottom-left:0px;--awb-flex-wrap:wrap;\" ><div class=\"fusion-builder-row fusion-row fusion-flex-align-items-flex-start fusion-flex-content-wrap\" style=\"max-width:1248px;margin-left: calc(-4% \/ 2 );margin-right: calc(-4% \/ 2 );\"><div class=\"fusion-layout-column fusion_builder_column fusion-builder-column-0 fusion_builder_column_1_1 1_1 fusion-flex-column\" style=\"--awb-bg-size:cover;--awb-width-large:100%;--awb-margin-top-large:0px;--awb-spacing-right-large:1.92%;--awb-margin-bottom-large:0px;--awb-spacing-left-large:1.92%;--awb-width-medium:100%;--awb-spacing-right-medium:1.92%;--awb-spacing-left-medium:1.92%;--awb-width-small:100%;--awb-spacing-right-small:1.92%;--awb-spacing-left-small:1.92%;\"><div class=\"fusion-column-wrapper fusion-flex-justify-content-flex-start fusion-content-layout-column\"><div class=\"fusion-text fusion-text-1\"><div style=\"max-width: 790px; margin: auto;\">\n<hr class=\"wp-block-separator has-css-opacity is-style-default\">\n<p>&nbsp;<\/p>\n<\/p>\n<div class=\"wp-block-uagb-container uagb-block-a2b0ca7f alignfull uagb-is-root-container\">\n<div class=\"uagb-container-inner-blocks-wrap\">\n<div class=\"wp-block-image\">\n<figure class=\"aligncenter size-large is-resized\"><img decoding=\"async\" class=\"lazyload wp-image-537\" style=\"aspect-ratio: 6.023778071334214; width: 790px; height: auto;\" src=\"data:image\/gif;base64,R0lGODlhAQABAAAAACH5BAEKAAEALAAAAAABAAEAAAICTAEAOw==\" data-orig-src=\"https:\/\/civicrm.upr.edu\/wp-content\/uploads\/2021\/03\/Boletin-Header-01-1024x137.jpg\" alt=\"\"><\/figure>\n<\/div>\n<div class=\"wp-block-image\">\n<figure class=\"aligncenter size-large is-resized\"><img decoding=\"async\" class=\"lazyload wp-image-525\" style=\"aspect-ratio: 6.023778071334214; width: 790px; height: auto;\" src=\"data:image\/gif;base64,R0lGODlhAQABAAAAACH5BAEKAAEALAAAAAABAAEAAAICTAEAOw==\" data-orig-src=\"https:\/\/civicrm.upr.edu\/wp-content\/uploads\/2021\/03\/Screenshot-2026-04-23-at-3.27.12-PM-1024x170.png\" alt=\"Cuadros con im\u00e1genes de estudiantes\"><\/figure>\n<\/div>\n<\/div>\n<\/div>\n<p>&nbsp;<\/p>\n<\/p>\n<h2 class=\"wp-block-heading has-text-align-right has-text-color has-link-color wp-elements-1\" style=\"color: #d204ba;\">Edici\u00f3n abril 2026<\/h2>\n<\/p>\n<p>&nbsp;<\/p>\n<\/p>\n<blockquote class=\"wp-block-quote is-layout-flow wp-block-quote-is-layout-flow\">\n<p class=\"has-medium-font-size wp-block-paragraph\">Esta semana, la Universidad de Puerto Rico demuestra que sus avances no ocurren de forma aislada, sino como resultado de un sistema que colabora, integra y ejecuta con direcci\u00f3n clara.<\/p>\n<\/p>\n<\/blockquote>\n<p>&nbsp;<\/p>\n<div class=\"wp-block-image\">\n<figure class=\"aligncenter size-large is-resized\"><img decoding=\"async\" class=\"lazyload wp-image-526\" style=\"aspect-ratio: 6.023778071334214; width: 794px; height: auto;\" src=\"data:image\/gif;base64,R0lGODlhAQABAAAAACH5BAEKAAEALAAAAAABAAEAAAICTAEAOw==\" data-orig-src=\"https:\/\/civicrm.upr.edu\/wp-content\/uploads\/2021\/03\/Screenshot-2026-04-23-at-3.27.20-PM-1024x212.png\" alt=\"Collage de los once recintos de la UPR\"><\/figure>\n<\/div>\n<p>&nbsp;<\/p>\n<\/p>\n<figure class=\"wp-block-image size-full\"><img decoding=\"async\" class=\"lazyload wp-image-538\" src=\"data:image\/gif;base64,R0lGODlhAQABAAAAACH5BAEKAAEALAAAAAABAAEAAAICTAEAOw==\" data-orig-src=\"https:\/\/civicrm.upr.edu\/wp-content\/uploads\/2021\/03\/Boletin-Header-02.jpg\" alt=\"\"><\/figure>\n<\/p>\n<p>&nbsp;<\/p>\n<\/p>\n<h1 class=\"wp-block-heading has-text-align-left has-text-color has-link-color wp-elements-2\" style=\"color: #d204ba;\">UPR ampl\u00eda su alcance<\/h1>\n<\/p>\n<p>&nbsp;<\/p>\n<\/p>\n<p class=\"has-drop-cap has-text-align-left wp-block-paragraph\">M\u00e1s de <strong>10,600 solicitudes<\/strong> y sobre <strong>9,200 estudiantes admitidos<\/strong> reflejan un sistema que ampl\u00eda su alcance de forma sostenida. La implementaci\u00f3n de la admisi\u00f3n <strong>autom\u00e1tica (Ley 113) <\/strong>ya impacta a 370 escuelas, mientras la campa\u00f1a <strong>#SomosTuUniversidad<\/strong>, con m\u00e1s de 1.4 millones de visualizaciones, fortalece el posicionamiento de la UPR como primera opci\u00f3n acad\u00e9mica.<\/p>\n<\/p>\n<p>&nbsp;<\/p>\n<\/p>\n<figure class=\"wp-block-image size-large\"><img decoding=\"async\" class=\"lazyload wp-image-530\" src=\"data:image\/gif;base64,R0lGODlhAQABAAAAACH5BAEKAAEALAAAAAABAAEAAAICTAEAOw==\" data-orig-src=\"https:\/\/civicrm.upr.edu\/wp-content\/uploads\/2021\/03\/exposuproct24-1024x506.jpg\" alt=\"Expo UPR 2024\"><\/figure>\n<\/p>\n<p>&nbsp;<\/p>\n<\/p>\n<div class=\"wp-block-uagb-separator uagb-block-90411f14\">\n<div class=\"wp-block-uagb-separator__inner\">&nbsp;<\/div>\n<\/div>\n<p>&nbsp;<\/p>\n<\/p>\n<h1 class=\"wp-block-heading has-text-align-left has-text-color has-link-color wp-elements-3\" style=\"color: #d204ba;\">Aprendizaje sin barreras<\/h1>\n<\/p>\n<p>&nbsp;<\/p>\n<\/p>\n<p class=\"wp-block-paragraph\">Con el desarrollo de UPR Virtual bajo cumplimiento NC-SARA, el sistema ampl\u00eda su oferta acad\u00e9mica digital con un lanzamiento oficial el 29 de abril de 2026.<\/p>\n<\/p>\n<p>&nbsp;<\/p>\n<\/p>\n<p class=\"wp-block-paragraph\">A esto se suman programas cortos y certificaciones en \u00e1reas de alta demanda como ciberseguridad, impactando a m\u00e1s de 3,000 participantes en colaboraci\u00f3n con el Departamento de Educaci\u00f3n.<\/p>\n<\/p>\n<p>&nbsp;<\/p>\n<\/p>\n<figure class=\"wp-block-image size-large\"><img decoding=\"async\" class=\"lazyload wp-image-532\" src=\"data:image\/gif;base64,R0lGODlhAQABAAAAACH5BAEKAAEALAAAAAABAAEAAAICTAEAOw==\" data-orig-src=\"https:\/\/civicrm.upr.edu\/wp-content\/uploads\/2021\/03\/Screenshot-2026-04-23-at-4.55.20-PM-1024x617.png\" alt=\"La UPR evoluciona al ritmo de c\u00f3mo se aprende hoy.\"><figcaption class=\"wp-element-caption\">La UPR evoluciona al ritmo de c\u00f3mo se aprende hoy.<\/figcaption><\/figure>\n<\/p>\n<p>&nbsp;<\/p>\n<\/p>\n<p class=\"has-text-align-center wp-block-paragraph\">Foto: UPR Virtual<\/p>\n<\/p>\n<p>&nbsp;<\/p>\n<\/p>\n<p class=\"has-text-align-center wp-block-paragraph\">Visita UPR Virtual <a href=\"https:\/\/adistancia.upr.edu\/\" data-type=\"link\" data-id=\"https:\/\/adistancia.upr.edu\/\">enlace aqu\u00ed<\/a> para m\u00e1s informaci\u00f3n<\/p>\n<\/p>\n<p>&nbsp;<\/p>\n<\/p>\n<figure class=\"wp-block-image size-full\"><img decoding=\"async\" class=\"lazyload wp-image-539\" src=\"data:image\/gif;base64,R0lGODlhAQABAAAAACH5BAEKAAEALAAAAAABAAEAAAICTAEAOw==\" data-orig-src=\"https:\/\/civicrm.upr.edu\/wp-content\/uploads\/2021\/03\/Boletin-Header-03.jpg\" alt=\"\"><\/figure>\n<\/p>\n<p>&nbsp;<\/p>\n<\/p>\n<h1 class=\"wp-block-heading has-text-align-left has-text-color has-link-color wp-elements-4\" style=\"color: #d204ba;\">Expansi\u00f3n de investigaci\u00f3n, innovaci\u00f3n y propiedad intelectual<\/h1>\n<\/p>\n<p>&nbsp;<\/p>\n<\/p>\n<p class=\"wp-block-paragraph\">El ecosistema de inteligencia artificial de la Universidad de Puerto Rico integra: <strong>M\u00e1s de 124 especialistas M\u00e1s de 70 cursos 34 iniciativas de investigaci\u00f3n 28 proyectos financiados por NIH y NSF<\/strong><\/p>\n<\/p>\n<p>&nbsp;<\/p>\n<\/p>\n<p class=\"wp-block-paragraph\">Radicaci\u00f3n de propuestas federales por <strong>$7,924,092<\/strong>, fortaleciendo la capacidad institucional de investigaci\u00f3n subvencionada.<\/p>\n<\/p>\n<p>&nbsp;<\/p>\n<\/p>\n<p class=\"wp-block-paragraph\">Desarrollo y fortalecimiento de pol\u00edticas de cumplimiento e integridad en la investigaci\u00f3n y propiedad intelectual.<\/p>\n<\/p>\n<p>&nbsp;<\/p>\n<\/p>\n<p class=\"wp-block-paragraph\">Participaci\u00f3n en proyectos cient\u00edficos de alto impacto vinculados a <strong>NASA y tecnolog\u00edas emergentes.<\/strong><\/p>\n<\/p>\n<p>&nbsp;<\/p>\n<\/p>\n<div class=\"wp-block-uagb-separator uagb-block-da1401d5\">\n<div class=\"wp-block-uagb-separator__inner\">&nbsp;<\/div>\n<\/div>\n<p>&nbsp;<\/p>\n<\/p>\n<div class=\"wp-block-group is-nowrap is-layout-flex wp-container-core-group-is-layout-8f761849 wp-block-group-is-layout-flex\">\n<div class=\"wp-block-uagb-separator uagb-block-4341ef4c\">\n<div class=\"wp-block-uagb-separator__inner\">&nbsp;<\/div>\n<\/div>\n<h1 class=\"wp-block-heading has-text-align-left has-text-color has-link-color wp-elements-5\" style=\"color: #d204ba;\">Alianzas que multiplican impacto<\/h1>\n<\/p>\n<\/div>\n<p>&nbsp;<\/p>\n<\/p>\n<p class=\"wp-block-paragraph\">La Universidad de Puerto Rico contin\u00faa fortaleciendo su red de colaboraci\u00f3n mediante la consolidaci\u00f3n de alianzas estrat\u00e9gicas con organizaciones como <strong>Johnson &amp; Johnson, Eli Lilly, FirstBank, FEMA, COR3 y el Puerto Rico Science, Technology and Research Trust<\/strong>. A nivel acad\u00e9mico, ampl\u00eda su alcance con colaboraciones con la <strong>University of Louisiana Monroe, la Central Connecticut State University y el sistema SUNY<\/strong>. Estas conexiones impulsan la vinculaci\u00f3n con sectores estrat\u00e9gicos como <strong>semiconductores, manufactura avanzada, inteligencia artificial y transferencia de tecnolog\u00eda<\/strong>, al tiempo que refuerzan la presencia institucional de la UPR en medios, foros estrat\u00e9gicos y espacios de pol\u00edtica p\u00fablica a nivel local e internacional.<\/p>\n<\/p>\n<p>&nbsp;<\/p>\n<\/p>\n<figure class=\"wp-block-image size-large\"><img decoding=\"async\" class=\"lazyload wp-image-534\" src=\"data:image\/gif;base64,R0lGODlhAQABAAAAACH5BAEKAAEALAAAAAABAAEAAAICTAEAOw==\" data-orig-src=\"https:\/\/civicrm.upr.edu\/wp-content\/uploads\/2021\/03\/Screenshot-2026-04-23-at-11.20.57-AM-scaled-e1776982174436-973x1024.png\" alt=\"Alianzas que multiplican impacto\"><figcaption class=\"wp-element-caption\">Alianzas que multiplican impacto<\/figcaption><\/figure>\n<\/p>\n<p>&nbsp;<\/p>\n<\/p>\n<p class=\"has-text-align-center wp-block-paragraph\">Visita el <a href=\"https:\/\/www.elnuevodia.com\/negocios\/empresas-comercios\/notas\/puerto-rico-vuelve-al-juego-de-la-biomanufactura-en-estados-unidos\/\" data-type=\"link\" data-id=\"https:\/\/www.elnuevodia.com\/negocios\/empresas-comercios\/notas\/puerto-rico-vuelve-al-juego-de-la-biomanufactura-en-estados-unidos\/\">enlace<\/a> para obtener m\u00e1s informaci\u00f3n.<\/p>\n<\/p>\n<p>&nbsp;<\/p>\n<\/p>\n<div class=\"wp-block-uagb-separator uagb-block-2e7cc1e9\">\n<div class=\"wp-block-uagb-separator__inner\">&nbsp;<\/div>\n<\/div>\n<p>&nbsp;<\/p>\n<\/p>\n<h1 class=\"wp-block-heading has-text-align-left has-text-color has-link-color wp-elements-6\" style=\"color: #d204ba;\">Alianzas que multiplican impacto<\/h1>\n<\/p>\n<p>&nbsp;<\/p>\n<\/p>\n<div class=\"wp-block-group is-nowrap is-layout-flex wp-container-core-group-is-layout-8f761849 wp-block-group-is-layout-flex\">\n<h3 class=\"wp-block-heading\">M\u00e1s de <strong>$7.8 millones en recaudos institucionales<\/strong><\/h3>\n<\/p>\n<\/div>\n<p>&nbsp;<\/p>\n<\/p>\n<div class=\"wp-block-group is-nowrap is-layout-flex wp-container-core-group-is-layout-8f761849 wp-block-group-is-layout-flex\">\n<h3 class=\"wp-block-heading\">CRM con m\u00e1s de <strong>18,000 registros activos<\/strong><\/h3>\n<\/p>\n<\/div>\n<p>&nbsp;<\/p>\n<\/p>\n<div class=\"wp-block-group is-nowrap is-layout-flex wp-container-core-group-is-layout-8f761849 wp-block-group-is-layout-flex\">\n<h3 class=\"wp-block-heading\">Renovaci\u00f3n de subvenci\u00f3n de <strong>$25 millones en investigaci\u00f3n cl\u00ednica<\/strong><\/h3>\n<\/p>\n<\/div>\n<p>&nbsp;<\/p>\n<\/p>\n<div class=\"wp-block-group is-nowrap is-layout-flex wp-container-core-group-is-layout-8f761849 wp-block-group-is-layout-flex\">\n<h3 class=\"wp-block-heading\">Estados financieros auditados sin se\u00f1alamientos<\/h3>\n<\/p>\n<\/div>\n<p>&nbsp;<\/p>\n<\/p>\n<figure class=\"wp-block-image size-large\"><img decoding=\"async\" class=\"lazyload wp-image-563\" src=\"data:image\/gif;base64,R0lGODlhAQABAAAAACH5BAEKAAEALAAAAAABAAEAAAICTAEAOw==\" data-orig-src=\"https:\/\/civicrm.upr.edu\/wp-content\/uploads\/2021\/03\/XMHRZFAKXVCNRLAF77XZ7ILTCQ-1-1024x682.jpg\" alt=\"\"><\/figure>\n<\/p>\n<p>&nbsp;<\/p>\n<\/p>\n<div class=\"wp-block-group alignwide has-background\" style=\"background-color: #ffffff;\">\n<div class=\"wp-block-group__inner-container is-layout-flow wp-block-group-is-layout-flow\">\n<p class=\"has-text-align-center wp-block-paragraph\">Foto: Carlos Rivera Giusti, El Nuevo D\u00eda<\/p>\n<\/p>\n<p class=\"has-text-align-center wp-block-paragraph\">Visita el <a href=\"https:\/\/www.elnuevodia.com\/ciencia-ambiente\/otros\/notas\/impulso-a-la-investigacion-clinica-en-puerto-rico-alianza-de-cientificos-recibe-subvencion-de-25-millones\/\" data-type=\"link\" data-id=\"https:\/\/www.elnuevodia.com\/ciencia-ambiente\/otros\/notas\/impulso-a-la-investigacion-clinica-en-puerto-rico-alianza-de-cientificos-recibe-subvencion-de-25-millones\/\">enlace<\/a> para obtener m\u00e1s informaci\u00f3n.<\/p>\n<\/p>\n<\/div>\n<\/div>\n<p>&nbsp;<\/p>\n<\/p>\n<figure class=\"wp-block-image size-full\"><img decoding=\"async\" class=\"lazyload wp-image-540\" src=\"data:image\/gif;base64,R0lGODlhAQABAAAAACH5BAEKAAEALAAAAAABAAEAAAICTAEAOw==\" data-orig-src=\"https:\/\/civicrm.upr.edu\/wp-content\/uploads\/2021\/03\/Boletin-Header-04.jpg\" alt=\"\"><\/figure>\n<\/p>\n<p>&nbsp;<\/p>\n<\/p>\n<hr class=\"wp-block-separator has-css-opacity is-style-default\">\n<p>&nbsp;<\/p>\n<div class=\"wp-block-image\">\n<figure class=\"aligncenter size-large is-resized\"><img decoding=\"async\" class=\"lazyload wp-image-549\" style=\"aspect-ratio: 6.023778071334214; width: 794px; height: auto;\" src=\"data:image\/gif;base64,R0lGODlhAQABAAAAACH5BAEKAAEALAAAAAABAAEAAAICTAEAOw==\" data-orig-src=\"https:\/\/civicrm.upr.edu\/wp-content\/uploads\/2021\/03\/Boletin-Header-07-1024x160.jpg\" alt=\"Proyectos de Construcci\u00f3n\"><\/figure>\n<\/div>\n<p>&nbsp;<\/p>\n<\/p>\n<div class=\"wp-block-group is-nowrap is-layout-flex wp-container-core-group-is-layout-8f761849 wp-block-group-is-layout-flex\">\n<div class=\"wp-block-uagb-advanced-heading uagb-block-dcf93eaf\">\n<h2 class=\"uagb-heading-text\">ResiCampus <strong>con<\/strong> 93% <strong>de avance<\/strong><\/h2>\n<\/div>\n<\/div>\n<p>&nbsp;<\/p>\n<\/p>\n<div class=\"wp-block-group is-nowrap is-layout-flex wp-container-core-group-is-layout-8f761849 wp-block-group-is-layout-flex\">\n<div class=\"wp-block-uagb-advanced-heading uagb-block-0df79b57\">\n<h2 class=\"uagb-heading-text\"><strong>Desarrollo del<\/strong> ASTRE Center (Fase 2)<\/h2>\n<\/div>\n<\/div>\n<p>&nbsp;<\/p>\n<\/p>\n<div class=\"wp-block-group is-nowrap is-layout-flex wp-container-core-group-is-layout-8f761849 wp-block-group-is-layout-flex\">\n<div class=\"wp-block-uagb-advanced-heading uagb-block-1dd58fe5\">\n<h2 class=\"uagb-heading-text\"><strong>Nuevas instalaciones en el Recinto de Humacao<\/strong><\/h2>\n<\/div>\n<\/div>\n<p>&nbsp;<\/p>\n<\/p>\n<div class=\"wp-block-uagb-separator uagb-block-a46d11a2\">\n<div class=\"wp-block-uagb-separator__inner\">&nbsp;<\/div>\n<\/div>\n<p>&nbsp;<\/p>\n<\/p>\n<h1 class=\"wp-block-heading has-text-align-left has-text-color has-link-color wp-elements-7\" style=\"color: #d204ba;\">UPR en Humacao inaugura viviendas para estudiantes tras inversi\u00f3n de $9 millones<\/h1>\n<\/p>\n<p>&nbsp;<\/p>\n<\/p>\n<p class=\"wp-block-paragraph\">13 de marzo de 2026<\/p>\n<\/p>\n<p>&nbsp;<\/p>\n<\/p>\n<p class=\"has-drop-cap wp-block-paragraph\">El edificio \u2013dise\u00f1ado para fortalecer la permanencia de los estudiantes, ampliar los servicios dirigidos al desarrollo acad\u00e9mico y servir como centro de operaciones en caso de emergencia- fue financiado con fondos del Departamento de Educaci\u00f3n de los Estados Unidos a trav\u00e9s del programa <em>Emergency Assistance to Institutions of Higher Education<\/em> (EAI).<\/p>\n<\/p>\n<p>&nbsp;<\/p>\n<\/p>\n<figure class=\"wp-block-image size-large\"><img decoding=\"async\" class=\"lazyload wp-image-551\" src=\"data:image\/gif;base64,R0lGODlhAQABAAAAACH5BAEKAAEALAAAAAABAAEAAAICTAEAOw==\" data-orig-src=\"https:\/\/civicrm.upr.edu\/wp-content\/uploads\/2021\/03\/UPR-Humacao-1024x599.jpg\" alt=\"UPR Humacao\"><\/figure>\n<\/p>\n<p>&nbsp;<\/p>\n<div class=\"wp-block-image\">\n<figure class=\"aligncenter size-full\"><a href=\"https:\/\/www.elnuevodia.com\/negocios\/construccion\/notas\/upr-en-humacao-inaugura-viviendas-para-estudiantes-tras-inversion-de-9-millones\/\"><img decoding=\"async\" class=\"lazyload wp-image-542\" src=\"data:image\/gif;base64,R0lGODlhAQABAAAAACH5BAEKAAEALAAAAAABAAEAAAICTAEAOw==\" data-orig-src=\"https:\/\/civicrm.upr.edu\/wp-content\/uploads\/2021\/03\/Boletin-Header-06.jpg\" alt=\"\"><\/a><\/figure>\n<\/div>\n<p>&nbsp;<\/p>\n<\/p>\n<figure class=\"wp-block-image size-full\"><img decoding=\"async\" class=\"lazyload wp-image-547\" src=\"data:image\/gif;base64,R0lGODlhAQABAAAAACH5BAEKAAEALAAAAAABAAEAAAICTAEAOw==\" data-orig-src=\"https:\/\/civicrm.upr.edu\/wp-content\/uploads\/2021\/03\/Boletin-Header-05-1.jpg\" alt=\"\"><\/figure>\n<\/p>\n<p>&nbsp;<\/p>\n<\/p>\n<h1 class=\"wp-block-heading has-text-align-left has-text-color has-link-color wp-elements-8\" style=\"color: #d204ba;\">La Universidad de Puerto Rico contin\u00faa impulsando el talento emprendedor de sus estudiantes<\/h1>\n<\/p>\n<p>&nbsp;<\/p>\n<\/p>\n<p class=\"wp-block-paragraph\">20 de marzo de 2026<\/p>\n<\/p>\n<p>&nbsp;<\/p>\n<\/p>\n<p class=\"wp-block-paragraph\">La presidenta de la UPR, Dra. Zayira Jord\u00e1n Conde, estuvo presente en el evento Torito Emprende en el Recinto de Cayey, donde comparti\u00f3 con estudiantes, conoci\u00f3 sus proyectos y reconoci\u00f3 su iniciativa y creatividad.<\/p>\n<\/p>\n<p>&nbsp;<\/p>\n<\/p>\n<p class=\"wp-block-paragraph\">Este espacio refleja c\u00f3mo la UPR forma estudiantes con destrezas en innovaci\u00f3n, pensamiento empresarial y liderazgo, prepar\u00e1ndolos para aportar activamente en diversos sectores.<\/p>\n<\/p>\n<p>&nbsp;<\/p>\n<\/p>\n<figure class=\"wp-block-image size-large\"><img decoding=\"async\" class=\"lazyload wp-image-555\" src=\"data:image\/gif;base64,R0lGODlhAQABAAAAACH5BAEKAAEALAAAAAABAAEAAAICTAEAOw==\" data-orig-src=\"https:\/\/civicrm.upr.edu\/wp-content\/uploads\/2021\/03\/Boletin-Header-08-1024x284.jpg\" alt=\"Boletin Header-08\"><\/figure>\n<\/p>\n<p>&nbsp;<\/p>\n<div class=\"wp-block-image\">\n<figure class=\"aligncenter size-full\"><a href=\"https:\/\/www.instagram.com\/p\/DWHLf2uGoYe\/?utm_source=ig_web_copy_link&amp;igsh=MzRlODBiNWFlZA%3D%3D\"><img decoding=\"async\" class=\"lazyload wp-image-542\" src=\"data:image\/gif;base64,R0lGODlhAQABAAAAACH5BAEKAAEALAAAAAABAAEAAAICTAEAOw==\" data-orig-src=\"https:\/\/civicrm.upr.edu\/wp-content\/uploads\/2021\/03\/Boletin-Header-06.jpg\" alt=\"\"><\/a><\/figure>\n<\/div>\n<p>&nbsp;<\/p>\n<\/p>\n<div class=\"wp-block-uagb-separator uagb-block-af7e6505\">\n<div class=\"wp-block-uagb-separator__inner\">&nbsp;<\/div>\n<\/div>\n<p>&nbsp;<\/p>\n<\/p>\n<h1 class=\"wp-block-heading has-text-align-left has-text-color has-link-color wp-elements-9\" style=\"color: #d204ba;\">Estudiantes de UPRA inician un nuevo programa universitario<\/h1>\n<\/p>\n<p>&nbsp;<\/p>\n<\/p>\n<p class=\"wp-block-paragraph\">22 de marzo de 2026<\/p>\n<\/p>\n<p>&nbsp;<\/p>\n<\/p>\n<p class=\"wp-block-paragraph\">La Universidad de Puerto Rico del recinto de Arecibo inicia una nueva iniciativa titulada \u00abUShow PR\u00bb para dar voz a la nueva generaci\u00f3n de comunicadores.<\/p>\n<\/p>\n<p>&nbsp;<\/p>\n<\/p>\n<p class=\"has-text-align-center wp-block-paragraph\">Mira m\u00e1s detalles en el <a href=\"https:\/\/wapa.tv\/noticias\/entretenimiento\/estudiantes-de-upra-inician-un-nuevo-programa-universitario\/article_6641a86a-c0ab-43ed-a53b-8c030ab41279.html\">video <\/a>que acompa\u00f1a la nota.<\/p>\n<\/p>\n<p>&nbsp;<\/p>\n<\/p>\n<div class=\"wp-block-group is-nowrap is-layout-flex wp-container-core-group-is-layout-8f761849 wp-block-group-is-layout-flex\">\n<figure class=\"wp-block-image size-large\"><img decoding=\"async\" class=\"lazyload wp-image-556\" src=\"data:image\/gif;base64,R0lGODlhAQABAAAAACH5BAEKAAEALAAAAAABAAEAAAICTAEAOw==\" data-orig-src=\"https:\/\/civicrm.upr.edu\/wp-content\/uploads\/2021\/03\/Screenshot-2026-04-22-at-4.52.51-PM-1024x577.png\" alt=\"Estudiantes de UPRA inician un nuevo programa universitario\"><\/figure>\n<\/p>\n<\/div>\n<p>&nbsp;<\/p>\n<\/p>\n<p class=\"has-text-align-center wp-block-paragraph\">Fotos: Cortes\u00eda de Wapa.tv<\/p>\n<\/p>\n<p>&nbsp;<\/p>\n<\/p>\n<div class=\"wp-block-uagb-separator uagb-block-7bdd8e87\">\n<div class=\"wp-block-uagb-separator__inner\">&nbsp;<\/div>\n<\/div>\n<p>&nbsp;<\/p>\n<\/p>\n<h1 class=\"wp-block-heading has-text-align-left has-text-color has-link-color wp-elements-10\" style=\"color: #d204ba;\">Fortaleciendo el liderazgo institucional desde la innovaci\u00f3n<\/h1>\n<\/p>\n<p>&nbsp;<\/p>\n<\/p>\n<p class=\"wp-block-paragraph\">22 de marzo de 2026<\/p>\n<\/p>\n<p>&nbsp;<\/p>\n<\/p>\n<p class=\"wp-block-paragraph\">Como parte de la visi\u00f3n de una gesti\u00f3n \u00e1gil y transformadora impulsada por la presidenta de la Universidad de Puerto Rico, Dra. Zayira Jord\u00e1n Conde, rectores y l\u00edderes de la Administraci\u00f3n Central participaron en el AWS Culture of Innovation Workshop, ofrecido por Amazon Web Services (AWS).<\/p>\n<\/p>\n<p>&nbsp;<\/p>\n<\/p>\n<figure class=\"wp-block-image size-large\"><img decoding=\"async\" class=\"lazyload wp-image-558\" src=\"data:image\/gif;base64,R0lGODlhAQABAAAAACH5BAEKAAEALAAAAAABAAEAAAICTAEAOw==\" data-orig-src=\"https:\/\/civicrm.upr.edu\/wp-content\/uploads\/2021\/03\/Boletin-Header-09-1024x284.jpg\" alt=\"\"><\/figure>\n<\/p>\n<p>&nbsp;<\/p>\n<div class=\"wp-block-image\">\n<figure class=\"aligncenter size-full\"><a href=\"https:\/\/www.instagram.com\/p\/DWG_Ij7ALUr\/?img_index=1\"><img decoding=\"async\" class=\"lazyload wp-image-542\" src=\"data:image\/gif;base64,R0lGODlhAQABAAAAACH5BAEKAAEALAAAAAABAAEAAAICTAEAOw==\" data-orig-src=\"https:\/\/civicrm.upr.edu\/wp-content\/uploads\/2021\/03\/Boletin-Header-06.jpg\" alt=\"\"><\/a><\/figure>\n<\/div>\n<p>&nbsp;<\/p>\n<\/p>\n<div class=\"wp-block-uagb-separator uagb-block-9ca35048\">\n<div class=\"wp-block-uagb-separator__inner\">&nbsp;<\/div>\n<\/div>\n<p>&nbsp;<\/p>\n<\/p>\n<h1 class=\"wp-block-heading has-text-align-left has-text-color has-link-color wp-elements-11\" style=\"color: #d204ba;\">Fortaleciendo el liderazgo institucional desde la innovaci\u00f3n<\/h1>\n<\/p>\n<p>&nbsp;<\/p>\n<\/p>\n<p class=\"wp-block-paragraph\">5 de marzo de 2026<\/p>\n<\/p>\n<p>&nbsp;<\/p>\n<\/p>\n<p class=\"has-drop-cap wp-block-paragraph\">El presente OPITT cuenta con un porfolio de 105 patentes, lo que representa un incremento de m\u00e1s de un 40% en el trabajo realizado en los \u00faltimos a\u00f1os. En el a\u00f1o fiscal 2020 la administraci\u00f3n universitariaUPR Bayam\u00f3n y el Departamento de Educaci\u00f3n fortalecen la formaci\u00f3n STEM alcanz\u00f3 la cifra hist\u00f3rica de 17 patentes, cifra que supera las&nbsp; 10 patentes alcanzadas en el a\u00f1o fiscal 2019. En curso est\u00e1n&nbsp; otras cuatro patentes.<\/p>\n<\/p>\n<p>&nbsp;<\/p>\n<\/p>\n<figure class=\"wp-block-image size-large\"><img decoding=\"async\" class=\"lazyload wp-image-570\" src=\"data:image\/gif;base64,R0lGODlhAQABAAAAACH5BAEKAAEALAAAAAABAAEAAAICTAEAOw==\" data-orig-src=\"https:\/\/civicrm.upr.edu\/wp-content\/uploads\/2021\/03\/UPR-Bayamon-y-el-Departamento-de-Educacion-fortalecen-la-formacion-STEM-1024x489.png\" alt=\"\"><\/figure>\n<\/p>\n<p>&nbsp;<\/p>\n<div class=\"wp-block-image\">\n<figure class=\"aligncenter size-full\"><a href=\"https:\/\/noticel.com\/en\/noticias\/educacion\/20260305\/upr-bayamon-y-educacion-sellan-acuerdo-para-impulsar-formacion-stem-en-escuelas-especializadas\/\"><img decoding=\"async\" class=\"lazyload wp-image-542\" src=\"data:image\/gif;base64,R0lGODlhAQABAAAAACH5BAEKAAEALAAAAAABAAEAAAICTAEAOw==\" data-orig-src=\"https:\/\/civicrm.upr.edu\/wp-content\/uploads\/2021\/03\/Boletin-Header-06.jpg\" alt=\"\"><\/a><\/figure>\n<\/div>\n<p>&nbsp;<\/p>\n<\/p>\n<div class=\"wp-block-uagb-separator uagb-block-d486bf06\">\n<div class=\"wp-block-uagb-separator__inner\">&nbsp;<\/div>\n<\/div>\n<p>&nbsp;<\/p>\n<\/p>\n<h1 class=\"wp-block-heading has-text-align-left has-text-color has-link-color wp-elements-12\" style=\"color: #d204ba;\">UPR-Ponce lidera colaboraci\u00f3n cient\u00edfica para manejo responsable del coqu\u00ed en Haw\u00e1i<\/h1>\n<\/p>\n<p>&nbsp;<\/p>\n<\/p>\n<p class=\"wp-block-paragraph\">22 de marzo de 2026<\/p>\n<\/p>\n<p>&nbsp;<\/p>\n<\/p>\n<p class=\"has-drop-cap wp-block-paragraph\">En un esfuerzo sin precedentes por fortalecer los lazos de colaboraci\u00f3n cient\u00edfica entre Puerto Rico y Haw\u00e1i, la Universidad de Puerto Rico (UPR) en Ponce inici\u00f3 un proyecto de investigaci\u00f3n interdisciplinario para apoyar estrategias de manejo responsable de poblaciones del coqu\u00ed com\u00fan (Eleutherodactylus coqui) en la isla de Oahu.<\/p>\n<\/p>\n<p>&nbsp;<\/p>\n<\/p>\n<figure class=\"wp-block-image size-large\"><img decoding=\"async\" class=\"lazyload wp-image-572\" src=\"data:image\/gif;base64,R0lGODlhAQABAAAAACH5BAEKAAEALAAAAAABAAEAAAICTAEAOw==\" data-orig-src=\"https:\/\/civicrm.upr.edu\/wp-content\/uploads\/2021\/03\/UPR-Ponce-lidera-colaboracion-cientifica-para-manejo-responsable-del-coqui-en-Hawai-1024x528.jpg\" alt=\"\"><\/figure>\n<\/p>\n<p>&nbsp;<\/p>\n<\/p>\n<p class=\"has-text-align-center wp-block-paragraph\">\u201cEleutherodactylus coqui\u201d en Finca Madre Isla, Adjuntas.<\/p>\n<\/p>\n<p>&nbsp;<\/p>\n<\/p>\n<p class=\"has-text-align-center wp-block-paragraph\">Foto: Dr. Alejandro R\u00edos Franceschi, ec\u00f3logo y profesor en la UPR-Ponce.<\/p>\n<\/p>\n<p>&nbsp;<\/p>\n<div class=\"wp-block-image\">\n<figure class=\"aligncenter size-full\"><a href=\"https:\/\/www.elnuevodia.com\/ciencia-ambiente\/flora-fauna\/notas\/upr-ponce-lidera-colaboracion-cientifica-para-manejo-responsable-del-coqui-en-hawai\/\"><img decoding=\"async\" class=\"lazyload wp-image-542\" src=\"data:image\/gif;base64,R0lGODlhAQABAAAAACH5BAEKAAEALAAAAAABAAEAAAICTAEAOw==\" data-orig-src=\"https:\/\/civicrm.upr.edu\/wp-content\/uploads\/2021\/03\/Boletin-Header-06.jpg\" alt=\"\"><\/a><\/figure>\n<\/div>\n<p>&nbsp;<\/p>\n<\/p>\n<div class=\"wp-block-uagb-separator uagb-block-654630b4\">\n<div class=\"wp-block-uagb-separator__inner\">&nbsp;<\/div>\n<\/div>\n<p>&nbsp;<\/p>\n<\/p>\n<figure class=\"wp-block-image size-large\"><img decoding=\"async\" class=\"lazyload wp-image-574\" src=\"data:image\/gif;base64,R0lGODlhAQABAAAAACH5BAEKAAEALAAAAAABAAEAAAICTAEAOw==\" data-orig-src=\"https:\/\/civicrm.upr.edu\/wp-content\/uploads\/2021\/03\/Socio-estrategico-ad-1-1024x500.jpg\" alt=\"\"><\/figure>\n<\/p>\n<p>&nbsp;<\/p>\n<\/p>\n<p class=\"has-text-align-center wp-block-paragraph\">Mira m\u00e1s detalles en el video en este <a href=\"https:\/\/www.youtube.com\/watch?v=KX7ZNon7pQI\" data-type=\"link\" data-id=\"https:\/\/www.youtube.com\/watch?v=KX7ZNon7pQI\">enlace<\/a>.<\/p>\n<\/p>\n<p>&nbsp;<\/p>\n<\/p>\n<div class=\"wp-block-uagb-separator uagb-block-b3be9ebe\">\n<div class=\"wp-block-uagb-separator__inner\">&nbsp;<\/div>\n<\/div>\n<p>&nbsp;<\/p>\n<\/p>\n<div class=\"wp-block-uagb-advanced-heading uagb-block-8fb74a53\">\n<h2 class=\"uagb-heading-text\"><strong>La Universidad de Puerto Rico avanza como sistema: conectando talento, conocimiento y oportunidades para transformar el pa\u00eds.<\/strong><\/h2>\n<\/div>\n<p>&nbsp;<\/p>\n<\/p>\n<div class=\"wp-block-uagb-separator uagb-block-a688e16b\">\n<div class=\"wp-block-uagb-separator__inner\">&nbsp;<\/div>\n<\/div>\n<p>&nbsp;<\/p>\n<\/p>\n<figure class=\"wp-block-image size-large\"><img decoding=\"async\" class=\"lazyload wp-image-576\" src=\"data:image\/gif;base64,R0lGODlhAQABAAAAACH5BAEKAAEALAAAAAABAAEAAAICTAEAOw==\" data-orig-src=\"https:\/\/civicrm.upr.edu\/wp-content\/uploads\/2021\/03\/Boletin-logos-1024x134.jpg\" alt=\"\"><\/figure>\n<\/p>\n<p>&nbsp;<\/p>\n<\/p>\n<p class=\"has-text-align-center wp-block-paragraph\">Si deseas dejar de recibir este bolet\u00edn, haz clic aqu\u00ed.<\/p>\n<\/p>\n<p>&nbsp;<\/p>\n<\/p>\n<p class=\"has-text-align-center wp-block-paragraph\">\u00a9 2026 Universidad de Puerto Rico. Todos los derechos reservados.<\/p>\n<\/p>\n<p>&nbsp;<\/p>\n<\/p>\n<figure class=\"wp-block-gallery has-nested-images columns-default is-cropped wp-block-gallery-1 is-layout-flex wp-block-gallery-is-layout-flex\">\n<figure class=\"\"><a href=\"https:\/\/www.facebook.com\/UPR.Oficial\/\"><img decoding=\"async\" data-id=\"578\" class=\"lazyload wp-image-578\" src=\"data:image\/gif;base64,R0lGODlhAQABAAAAACH5BAEKAAEALAAAAAABAAEAAAICTAEAOw==\" data-orig-src=\"https:\/\/civicrm.upr.edu\/wp-content\/uploads\/2021\/03\/Redes-2026-boletin-01.jpg\" alt=\"\"><\/a><\/figure>\n<\/p>\n<figure class=\"\"><a href=\"https:\/\/x.com\/upr_oficial\"><img decoding=\"async\" data-id=\"581\" class=\"lazyload wp-image-581\" src=\"data:image\/gif;base64,R0lGODlhAQABAAAAACH5BAEKAAEALAAAAAABAAEAAAICTAEAOw==\" data-orig-src=\"https:\/\/civicrm.upr.edu\/wp-content\/uploads\/2021\/03\/Redes-2026-boletin-02.jpg\" alt=\"\"><\/a><\/figure>\n<\/p>\n<figure class=\"\"><a href=\"https:\/\/www.instagram.com\/upr_oficial\/\"><img class=\"lazyload\" decoding=\"async\" data-id=\"580\" src=\"data:image\/gif;base64,R0lGODlhAQABAAAAACH5BAEKAAEALAAAAAABAAEAAAICTAEAOw==\" data-orig-src=\"https:\/\/civicrm.upr.edu\/wp-content\/uploads\/2021\/03\/Redes-2026-boletin-03.jpg\" alt=\"\"><\/a><\/figure>\n<\/p>\n<figure class=\"\"><a href=\"https:\/\/www.youtube.com\/@UniversidaddePuertoRico\"><img class=\"lazyload\" decoding=\"async\" data-id=\"579\" src=\"data:image\/gif;base64,R0lGODlhAQABAAAAACH5BAEKAAEALAAAAAABAAEAAAICTAEAOw==\" data-orig-src=\"https:\/\/civicrm.upr.edu\/wp-content\/uploads\/2021\/03\/Redes-2026-boletin-04.jpg\" alt=\"\"><\/a><\/figure>\n<\/p>\n<\/figure>\n<p>&nbsp;<\/p>\n<\/p>\n<p class=\"wp-block-paragraph\">&nbsp;<\/p>\n<\/p>\n<p>&nbsp;<\/p>\n<\/p>\n<p class=\"wp-block-paragraph\">&nbsp;<\/p>\n<\/p>\n<p>&nbsp;<\/p>\n<\/p>\n<div class=\"wp-block-uagb-container uagb-block-6095c503 alignfull uagb-is-root-container\">\n<div class=\"uagb-container-inner-blocks-wrap\">&nbsp;<\/div>\n<\/div>\n<\/div>\n<\/div><\/div><\/div><\/div><\/div>","protected":false},"excerpt":{"rendered":"\u00a0 \u00a0 Edici\u00f3n abril 2026 \u00a0 Esta semana, la Universidad  [...]","protected":false},"author":237,"featured_media":0,"comment_status":"closed","ping_status":"open","sticky":false,"template":"","format":"standard","meta":{"_themeisle_gutenberg_block_has_review":false,"footnotes":""},"categories":[180],"tags":[],"class_list":["post-375914","post","type-post","status-publish","format-standard","hentry","category-somos-upr"],"_links":{"self":[{"href":"https:\/\/www.upr.edu\/en\/wp-json\/wp\/v2\/posts\/375914","targetHints":{"allow":["GET"]}}],"collection":[{"href":"https:\/\/www.upr.edu\/en\/wp-json\/wp\/v2\/posts"}],"about":[{"href":"https:\/\/www.upr.edu\/en\/wp-json\/wp\/v2\/types\/post"}],"author":[{"embeddable":true,"href":"https:\/\/www.upr.edu\/en\/wp-json\/wp\/v2\/users\/237"}],"replies":[{"embeddable":true,"href":"https:\/\/www.upr.edu\/en\/wp-json\/wp\/v2\/comments?post=375914"}],"version-history":[{"count":5,"href":"https:\/\/www.upr.edu\/en\/wp-json\/wp\/v2\/posts\/375914\/revisions"}],"predecessor-version":[{"id":375921,"href":"https:\/\/www.upr.edu\/en\/wp-json\/wp\/v2\/posts\/375914\/revisions\/375921"}],"wp:attachment":[{"href":"https:\/\/www.upr.edu\/en\/wp-json\/wp\/v2\/media?parent=375914"}],"wp:term":[{"taxonomy":"category","embeddable":true,"href":"https:\/\/www.upr.edu\/en\/wp-json\/wp\/v2\/categories?post=375914"},{"taxonomy":"post_tag","embeddable":true,"href":"https:\/\/www.upr.edu\/en\/wp-json\/wp\/v2\/tags?post=375914"}],"curies":[{"name":"wp","href":"https:\/\/api.w.org\/{rel}","templated":true}]}}