{"id":39972,"date":"2023-06-26T08:59:59","date_gmt":"2023-06-26T12:59:59","guid":{"rendered":"https:\/\/www.upr.edu\/?p=39972"},"modified":"2023-06-28T09:58:06","modified_gmt":"2023-06-28T13:58:06","slug":"estudiantes-de-upr-aguadilla-son-seleccionados-para-trabajar-proyectos-ambientales-de-la-epa-2","status":"publish","type":"post","link":"https:\/\/www.upr.edu\/ac\/estudiantes-de-upr-aguadilla-son-seleccionados-para-trabajar-proyectos-ambientales-de-la-epa-2\/","title":{"rendered":"Estudiantes de UPR Aguadilla son seleccionados para trabajar proyectos ambientales de la EPA"},"content":{"rendered":"<div class=\"wpb-content-wrapper\" id=\"wpb-content-root\"><p>[vc_row][vc_column][vc_column_text]<\/p>\n<p style=\"text-align: justify\"><span style=\"font-size: 16pt;color: #999999\">De las cuatro posiciones que hab\u00eda disponibles para el internado de verano de la EPA, todas fueron otorgadas a los estudiantes de la UPR en Aguadilla, por sus perfiles acad\u00e9micos y sociales, para trabajar proyectos ambientales.<\/span><\/p>\n<p>&nbsp;<\/p>\n<p>26 de junio de 2023<\/p>\n<p>&nbsp;<\/p>\n<p style=\"text-align: justify\">(Aguadilla, PR) Cinco estudiantes del Departamento de Ciencias Naturales de la Universidad de Puerto Rico en Aguadilla (UPRAg) fueron seleccionados para participar en el internado de verano auspiciado por el Departamento de Educaci\u00f3n Federal de los Estados Unidos, bajo el programa: <em>Title III-Minority Science and Engineering Improvement Program<\/em> (MSEIP), en colaboraci\u00f3n con la Agencia de Protecci\u00f3n Ambiental (EPA, por sus siglas en ingl\u00e9s).<\/p>\n<p style=\"text-align: justify\"><a class=\"dt-pswp-item\" href=\"https:\/\/www.upr.edu\/ac\/wp-content\/uploads\/sites\/1\/2023\/06\/Screen-Shot-2023-06-26-at-8.57.27-AM.png\" data-dt-img-description=\"\" data-large_image_width=\"1139\" data-large_image_height=\"914\"><img loading=\"lazy\" decoding=\"async\" class=\"wp-image-39977 alignleft\" src=\"https:\/\/www.upr.edu\/ac\/wp-content\/uploads\/sites\/1\/2023\/06\/Screen-Shot-2023-06-26-at-8.57.27-AM-300x241.png\" alt=\"Estudiantes de UPR Aguadilla son seleccionados para trabajar proyectos ambientales de la EPA\" width=\"500\" height=\"401\" srcset=\"https:\/\/www.upr.edu\/ac\/wp-content\/uploads\/sites\/1\/2023\/06\/Screen-Shot-2023-06-26-at-8.57.27-AM-300x241.png 300w, https:\/\/www.upr.edu\/ac\/wp-content\/uploads\/sites\/1\/2023\/06\/Screen-Shot-2023-06-26-at-8.57.27-AM-1024x822.png 1024w, https:\/\/www.upr.edu\/ac\/wp-content\/uploads\/sites\/1\/2023\/06\/Screen-Shot-2023-06-26-at-8.57.27-AM-768x616.png 768w, https:\/\/www.upr.edu\/ac\/wp-content\/uploads\/sites\/1\/2023\/06\/Screen-Shot-2023-06-26-at-8.57.27-AM.png 1139w\" sizes=\"auto, (max-width: 500px) 100vw, 500px\" \/><\/a>\u201cEn la convocatoria inicial, consideraban a cuatro vacantes para el internado de verano y evaluando el perfil educativo de los estudiantes de UPR en Aguadilla, solicitaron un estudiante adicional con estudios en Tecnolog\u00eda Ambiental\u201d, detall\u00f3 el director del proyecto del MSEIP de la UPR en Aguadilla, el Dr. Jes\u00fas Lee Borges<\/p>\n<p style=\"text-align: justify\">Los estudiantes seleccionados: V\u00edctor Nieves-Santiago, Gil Valent\u00edn-V\u00e1zquez, Luis Pratts-P\u00e9rez, Paola Rodr\u00edguez-Montoya y Dyandra Lassalle-Vega, han sido elegidos por sus logros acad\u00e9micos, su dedicaci\u00f3n a causas ambientales y por sus estudios con enfoques en Tecnolog\u00eda Ambiental y Biolog\u00eda de dicha instituci\u00f3n.<\/p>\n<p style=\"text-align: justify\">Durante el verano, tendr\u00e1n la oportunidad de contribuir a proyectos ambientales de la EPA en Cincinnati, Ohio y Chattanooga, Tennesse. Y para apoyar a su participaci\u00f3n, cada estudiante recibir\u00e1 una subvenci\u00f3n financiera de m\u00e1s de $17,000 para cubrir sus gastos.<\/p>\n<p style=\"text-align: justify\">\u201cEste internado de verano de la EPA es una oportunidad \u00fanica para que los estudiantes adquieran experiencia pr\u00e1ctica en un ambiente real de trabajo, mientras contribuyen al cuidado del medio ambiente y la protecci\u00f3n de la salud humana\u201d, mencion\u00f3 el profesor del Departamento de Ciencias Naturales de la UPRAg, el Dr. Lee-Borges.<\/p>\n<p style=\"text-align: justify\">Tres participantes del internado compartieron sus expresiones sobre esta oportunidad.<\/p>\n<p style=\"text-align: justify\">\u00abEsta oportunidad es excepcional, ya que me permitir\u00e1 adquirir valiosa experiencia pr\u00e1ctica en mi campo de inter\u00e9s. Me siento agradecido por poder desarrollar a\u00fan m\u00e1s mis habilidades y conocimientos, lo que en \u00faltima instancia me acercar\u00e1 a mis metas a largo plazo\u201d, expres\u00f3 con entusiasmo el estudiante V\u00edctor Nieves Santiago.<\/p>\n<p style=\"text-align: justify\">\u00abEste internado es \u00fanico y emocionante, me permitir\u00e1 realizar investigaci\u00f3n y utilizar metodolog\u00edas avanzadas en STEM. Adem\u00e1s, podr\u00e9 hacer <em>networking<\/em> con profesionales del campo, lo que me ayudar\u00e1 a desarrollar conexiones valiosas para enfocar mi camino profesional con mayor claridad\u00bb, recalc\u00f3 la estudiante Paola Rodr\u00edguez Montoya.<\/p>\n<p style=\"text-align: justify\">Por otro lado, el joven Luis Pratts P\u00e9rez no pod\u00eda creer su selecci\u00f3n al internado de la EPA y nos expres\u00f3:<\/p>\n<p style=\"text-align: justify\">\u00abFue una gran sorpresa para m\u00ed, pero estoy emocionado de tener la oportunidad de pasar este verano en un entorno tan interesante. Esta experiencia me motiva m\u00e1s que nunca para trabajar duro y lograr mis objetivos profesionales\u00bb.<\/p>\n<p style=\"text-align: justify\">\u201cEn la UPR en Aguadilla estamos comprometidos con el \u00e9xito acad\u00e9mico y profesional de nuestros estudiantes y nos enorgullece apoyarlos en la b\u00fasqueda de oportunidades de aprendizaje pr\u00e1ctico con experiencias enriquecedoras. Felicitamos a nuestros estudiantes por haber sido seleccionados para el programa de internado de verano de la EPA y esperamos que esta experiencia sea una de las muchas en su camino hacia un futuro exitoso\u201d, declar\u00f3 el Dr. Lee Borges.<\/p>\n<p>[\/vc_column_text][vc_empty_space]<div class=\"hr-thin style-line\" style=\"width: 100%;border-color: #dd9933;border-top-width: 1px;\"><\/div>[\/vc_column][\/vc_row][vc_row][vc_column][\/vc_column][\/vc_row][vc_row][vc_column][\/vc_column][\/vc_row]<\/p>\n<\/div>","protected":false},"excerpt":{"rendered":"<p>[vc_row][vc_column][vc_column_text] De las cuatro posiciones que hab\u00eda disponibles para el internado de verano de la EPA, todas fueron otorgadas a los estudiantes de la UPR en Aguadilla, por sus perfiles acad\u00e9micos y sociales, para trabajar proyectos ambientales. &nbsp; 26 de junio de 2023 &nbsp; (Aguadilla, PR) Cinco estudiantes del Departamento de Ciencias Naturales de la&hellip;<\/p>\n","protected":false},"author":30,"featured_media":39978,"comment_status":"closed","ping_status":"closed","sticky":false,"template":"","format":"standard","meta":{"_themeisle_gutenberg_block_has_review":false,"footnotes":""},"categories":[220],"tags":[],"class_list":["post-39972","post","type-post","status-publish","format-standard","has-post-thumbnail","hentry","category-prueba","category-220","description-off"],"_links":{"self":[{"href":"https:\/\/www.upr.edu\/ac\/wp-json\/wp\/v2\/posts\/39972","targetHints":{"allow":["GET"]}}],"collection":[{"href":"https:\/\/www.upr.edu\/ac\/wp-json\/wp\/v2\/posts"}],"about":[{"href":"https:\/\/www.upr.edu\/ac\/wp-json\/wp\/v2\/types\/post"}],"author":[{"embeddable":true,"href":"https:\/\/www.upr.edu\/ac\/wp-json\/wp\/v2\/users\/30"}],"replies":[{"embeddable":true,"href":"https:\/\/www.upr.edu\/ac\/wp-json\/wp\/v2\/comments?post=39972"}],"version-history":[{"count":2,"href":"https:\/\/www.upr.edu\/ac\/wp-json\/wp\/v2\/posts\/39972\/revisions"}],"predecessor-version":[{"id":39980,"href":"https:\/\/www.upr.edu\/ac\/wp-json\/wp\/v2\/posts\/39972\/revisions\/39980"}],"wp:featuredmedia":[{"embeddable":true,"href":"https:\/\/www.upr.edu\/ac\/wp-json\/wp\/v2\/media\/39978"}],"wp:attachment":[{"href":"https:\/\/www.upr.edu\/ac\/wp-json\/wp\/v2\/media?parent=39972"}],"wp:term":[{"taxonomy":"category","embeddable":true,"href":"https:\/\/www.upr.edu\/ac\/wp-json\/wp\/v2\/categories?post=39972"},{"taxonomy":"post_tag","embeddable":true,"href":"https:\/\/www.upr.edu\/ac\/wp-json\/wp\/v2\/tags?post=39972"}],"curies":[{"name":"wp","href":"https:\/\/api.w.org\/{rel}","templated":true}]}}