{"id":32181,"date":"2021-06-15T19:11:12","date_gmt":"2021-06-15T23:11:12","guid":{"rendered":"https:\/\/www.upr.edu\/?p=32181"},"modified":"2021-06-15T19:11:12","modified_gmt":"2021-06-15T23:11:12","slug":"culmina-proyecto-de-impermeabilizacion-del-techo-de-la-biblioteca-jose-m-lazaro-del-recinto-de-rio-piedras-de-la-universidad-de-puerto-rico","status":"publish","type":"post","link":"https:\/\/www.upr.edu\/ac\/culmina-proyecto-de-impermeabilizacion-del-techo-de-la-biblioteca-jose-m-lazaro-del-recinto-de-rio-piedras-de-la-universidad-de-puerto-rico\/","title":{"rendered":"Culmina proyecto de impermeabilizaci\u00f3n del techo de la Biblioteca Jos\u00e9 M. L\u00e1zaro del Recinto de R\u00edo Piedras de la Universidad de Puerto Rico"},"content":{"rendered":"<div class=\"wpb-content-wrapper\" id=\"wpb-content-root\"><p>[vc_row][vc_column][vc_column_text]<span style=\"color: #808080\"><span style=\"font-size: 18pt\"><em>Con la finalizaci\u00f3n de estos trabajos esta emblem\u00e1tica e important\u00edsima biblioteca asegura su integridad como salvaguarda del invaluable acervo que atesora entre sus muros<\/em><\/span><\/span><\/p>\n<p>&nbsp;<\/p>\n<p>15 de junio de 2021<\/p>\n<p>Con una inversi\u00f3n de $545,229.19 culmin\u00f3 recientemente el proyecto de la reinstalaci\u00f3n de la membrana de impermeabilizaci\u00f3n en la azotea de la Biblioteca Jos\u00e9 M. L\u00e1zaro del Recinto de R\u00edo Piedras de la Universidad de Puerto Rico.<\/p>\n<p><img loading=\"lazy\" decoding=\"async\" class=\"alignleft wp-image-32202\" src=\"https:\/\/www.upr.edu\/ac\/wp-content\/uploads\/sites\/1\/2021\/06\/screen-shot-2021-06-15-at-70420-pm-1.png\" alt=\"\" width=\"800\" height=\"335\" srcset=\"https:\/\/www.upr.edu\/ac\/wp-content\/uploads\/sites\/1\/2021\/06\/screen-shot-2021-06-15-at-70420-pm-1.png 1245w, https:\/\/www.upr.edu\/ac\/wp-content\/uploads\/sites\/1\/2021\/06\/screen-shot-2021-06-15-at-70420-pm-1-300x126.png 300w, https:\/\/www.upr.edu\/ac\/wp-content\/uploads\/sites\/1\/2021\/06\/screen-shot-2021-06-15-at-70420-pm-1-1024x429.png 1024w, https:\/\/www.upr.edu\/ac\/wp-content\/uploads\/sites\/1\/2021\/06\/screen-shot-2021-06-15-at-70420-pm-1-768x321.png 768w\" sizes=\"auto, (max-width: 800px) 100vw, 800px\" \/>Estos trabajos -que abarcaron los tres edificios que conforman la Biblioteca-\u00a0 consistieron en la remoci\u00f3n del material da\u00f1ado, la preparaci\u00f3n de la superficie de losa de techo para la instalaci\u00f3n de planchas de aislamiento y de una membrana granulada de impermeabilizaci\u00f3n autoadhesiva. Asimismo, se trabajaron las paredes aplicando en su superficie una membrana impermeabilizante. Como parte de estos trabajos, tambi\u00e9n se remplazaron las bases de los conductos de agua helada del sistema de acondicionadores de aire -al igual que parte de su aislaci\u00f3n- y se instal\u00f3 una plantilla de paso para establecer un camino de acceso para las distintas compa\u00f1\u00edas que realizan servicios de mantenimiento a los equipos localizados en la azotea de los edificios.<\/p>\n<p>\u201cNos sentimos sumamente complacidos de anunciar que la biblioteca Jos\u00e9 M. L\u00e1zaro, sin duda una de las m\u00e1s importantes y emblem\u00e1ticas de nuestro recinto, ha visto finalizado el largo y laborioso proceso de impermeabilizaci\u00f3n de su techo, lo que asegura su integridad como salvaguarda del invaluable acervo que atesora entre sus muros\u201d, dijo el Dr. Luis A. Ferrao. \u201cEsta biblioteca es un basti\u00f3n fundamental como hogar de buena parte de la memoria hist\u00f3rica de Puerto Rico en los \u00f3rdenes m\u00e1s diversos, por lo que esta puesta al d\u00eda en su estructura es una buena nueva que nos llena de regocijo y por la que felicito y agradezco a todas las personas y entidades que estuvieron involucradas en el proyecto\u201d.<\/p>\n<p>Por su parte, el presidente de la UPR, el doctor Jorge Haddock, destac\u00f3 que el proyecto forma parte de las obras de transformaci\u00f3n en la infraestructura que impulsan en todo el sistema universitario.<\/p>\n<p>\u201cLa culminaci\u00f3n de este proyecto es un logro importante para la administraci\u00f3n universitaria ya que la Biblioteca Jos\u00e9 M. L\u00e1zaro es un recurso valioso para la comunidad universitaria y para el pueblo de Puerto Rico. Gracias a los esfuerzos y compromiso de todos los involucrados en los trabajos logramos poner en cumplimiento las instalaciones y preservamos un valuarte de nuestra cultura e historia, como parte de los procesos de transformaci\u00f3n en la infraestructura que hemos iniciado. \u00a1Enhorabuena!\u201d, precis\u00f3 Haddock.<\/p>\n<p>El proyecto -con una duraci\u00f3n de aproximadamente 11 meses- estuvo a cargo de Tropitech Inc -el contratista adjudicado-, con EHA Engineering, PSC como la compa\u00f1\u00eda asignada para la inspecci\u00f3n del proyecto. Asimismo se cont\u00f3 con la colaboraci\u00f3n del personal administrativo de la Biblioteca, la Oficina de Planificaci\u00f3n y Desarrollo F\u00edsico del Recinto y la Oficina de Desarrollo F\u00edsico e Infraestructura de Administraci\u00f3n Central de la UPR.[\/vc_column_text][vc_empty_space]<div class=\"hr-thin style-line\" style=\"width: 100%;border-color: #dd9933;border-top-width: 1px;\"><\/div>[\/vc_column][\/vc_row]<\/p>\n<\/div>","protected":false},"excerpt":{"rendered":"<p>[vc_row][vc_column][vc_column_text]Con la finalizaci\u00f3n de estos trabajos esta emblem\u00e1tica e important\u00edsima biblioteca asegura su integridad como salvaguarda del invaluable acervo que atesora entre sus muros &nbsp; 15 de junio de 2021 Con una inversi\u00f3n de $545,229.19 culmin\u00f3 recientemente el proyecto de la reinstalaci\u00f3n de la membrana de impermeabilizaci\u00f3n en la azotea de la Biblioteca Jos\u00e9 M.&hellip;<\/p>\n","protected":false},"author":30,"featured_media":32200,"comment_status":"closed","ping_status":"closed","sticky":false,"template":"","format":"standard","meta":{"_themeisle_gutenberg_block_has_review":false,"footnotes":""},"categories":[11],"tags":[],"class_list":["post-32181","post","type-post","status-publish","format-standard","has-post-thumbnail","hentry","category-comunicados","category-11","description-off"],"_links":{"self":[{"href":"https:\/\/www.upr.edu\/ac\/wp-json\/wp\/v2\/posts\/32181","targetHints":{"allow":["GET"]}}],"collection":[{"href":"https:\/\/www.upr.edu\/ac\/wp-json\/wp\/v2\/posts"}],"about":[{"href":"https:\/\/www.upr.edu\/ac\/wp-json\/wp\/v2\/types\/post"}],"author":[{"embeddable":true,"href":"https:\/\/www.upr.edu\/ac\/wp-json\/wp\/v2\/users\/30"}],"replies":[{"embeddable":true,"href":"https:\/\/www.upr.edu\/ac\/wp-json\/wp\/v2\/comments?post=32181"}],"version-history":[{"count":3,"href":"https:\/\/www.upr.edu\/ac\/wp-json\/wp\/v2\/posts\/32181\/revisions"}],"predecessor-version":[{"id":32204,"href":"https:\/\/www.upr.edu\/ac\/wp-json\/wp\/v2\/posts\/32181\/revisions\/32204"}],"wp:featuredmedia":[{"embeddable":true,"href":"https:\/\/www.upr.edu\/ac\/wp-json\/wp\/v2\/media\/32200"}],"wp:attachment":[{"href":"https:\/\/www.upr.edu\/ac\/wp-json\/wp\/v2\/media?parent=32181"}],"wp:term":[{"taxonomy":"category","embeddable":true,"href":"https:\/\/www.upr.edu\/ac\/wp-json\/wp\/v2\/categories?post=32181"},{"taxonomy":"post_tag","embeddable":true,"href":"https:\/\/www.upr.edu\/ac\/wp-json\/wp\/v2\/tags?post=32181"}],"curies":[{"name":"wp","href":"https:\/\/api.w.org\/{rel}","templated":true}]}}