{"id":20624,"date":"2018-07-10T15:26:19","date_gmt":"2018-07-10T19:26:19","guid":{"rendered":"https:\/\/www.upr.edu\/?p=20624"},"modified":"2018-07-12T13:38:20","modified_gmt":"2018-07-12T17:38:20","slug":"destacados-periodistas-y-profesores-desarrollaran-dialogo-en-los-recintos-de-la-upr","status":"publish","type":"post","link":"https:\/\/www.upr.edu\/ac\/destacados-periodistas-y-profesores-desarrollaran-dialogo-en-los-recintos-de-la-upr\/","title":{"rendered":"Destacados periodistas y profesores desarrollar\u00e1n Di\u00e1logo en los recintos de la UPR"},"content":{"rendered":"<div class=\"wpb-content-wrapper\" id=\"wpb-content-root\"><p>[vc_row][vc_column][vc_media_grid style=\u00bbpagination\u00bb items_per_page=\u00bb3&#8243; arrows_design=\u00bbvc_arrow-icon-arrow_09_left\u00bb arrows_position=\u00bboutside\u00bb arrows_color=\u00bborange\u00bb paging_design=\u00bbnone\u00bb grid_id=\u00bbvc_gid:1531250498416-7d8b8980-6a21-3&#8243; include=\u00bb20635&#8243;][vc_empty_space][vc_column_text]10 de julio de 2018<\/p>\n<p>Periodistas y profesores con vasto conocimiento y experiencia en el \u00e1mbito de las comunicaciones estar\u00e1n a cargo del peri\u00f3dico Di\u00e1logo en los recintos y unidades de la Universidad de Puerto Rico (UPR) que ofrecen programas de Comunicaci\u00f3n.<\/p>\n<p>Las periodistas y profesoras, Eva Llorens y Nora Soto, integrar\u00e1n el equipo de trabajo que,\u00a0junto al personal de Di\u00e1logo, elaborar\u00e1 el nuevo modelo de la publicaci\u00f3n oficial de la instituci\u00f3n.\u00a0Ambas laboran en el sistema universitario y\u00a0cuentan con m\u00e1s de 20 a\u00f1os de experiencia en los medios de comunicaci\u00f3n de Puerto Rico.\u00a0\u00a0Durante las pr\u00f3ximas semanas se integrar\u00e1n varios docentes de las diferentes unidades que servir\u00e1n de apoyo a esta nueva etapa del peri\u00f3dico. Se espera que Llorens y Soto se re\u00fanan con el personal de Di\u00e1logo en los pr\u00f3ximos d\u00edas.<\/p>\n<p>El presidente interino de la UPR, Dr. Darrel Hillman, reiter\u00f3\u00a0que\u00a0se mantendr\u00e1 la operaci\u00f3n de Di\u00e1logo\u00a0y se reforzar\u00e1 con mayor participaci\u00f3n estudiantil.\u00a0Esto, pese a\u00a0los ajustes econ\u00f3micos que ha tenido que realizar la instituci\u00f3n.\u00a0\u00a0\u201cYa lo hemos afirmado, Di\u00e1logo no cerrar\u00e1, sino que continuar\u00e1 sirviendo a la comunidad universitaria y al pa\u00eds. Quien diga lo contrario, desinforma. De hecho, sus seguidores pueden comprobar que el medio ha continuado publicando rese\u00f1as period\u00edsticas, incluso notas que no son favorables a la Administraci\u00f3n, pues mantienen su independencia editorial y eso no cambiar\u00e1\u201d, sostuvo el presidente interino.<\/p>\n<p>Hillman Barrera hab\u00eda expresado que a\u00fan con la reducci\u00f3n presupuestaria de la UPR, la Administraci\u00f3n garantiz\u00f3 la permanencia de\u00a0la publicaci\u00f3n, pues reconoce su importancia y aportaci\u00f3n, especialmente para la comunidad universitaria que mantiene informada en torno a los asuntos relevantes en la instituci\u00f3n.\u00a0\u201cLa publicaci\u00f3n se extender\u00e1 a otras unidades del sistema universitario y contar\u00e1 con los recursos que \u00e9stas tienen\u00a0disponibles. As\u00ed estar\u00e1 m\u00e1s accesible a los estudiantes, en lugar de mantenerse en una oficina en la Administraci\u00f3n Central.\u00a0\u00a0De esta manera los estudiantes y profesores de las unidades que ofrecen cursos de comunicaciones y periodismo tendr\u00e1n una participaci\u00f3n y experiencia directa en dicho taller, y podr\u00e1n\u00a0desarrollar la publicaci\u00f3n de acuerdo con las nuevas tendencias en los medios de comunicaci\u00f3n\u201d, fueron las declaraciones del presidente interino mediante un comunicado de prensa.<\/p>\n<p>Adem\u00e1s de periodismo y fotograf\u00eda, procurar\u00e1n incorporar nuevos formatos a\u00a0Di\u00e1logo. Para ello, integrar\u00e1n a estudiantes y profesores de producci\u00f3n, dise\u00f1o gr\u00e1fico, animaci\u00f3n, entre otras disciplinas en el \u00e1mbito de las comunicaciones, que actualmente no participan del taller.<\/p>\n<p>Como parte de los ajustes fiscales debido a la reducci\u00f3n de la asignaci\u00f3n presupuestaria que enfrenta la instituci\u00f3n, la Administraci\u00f3n de la UPR redujo el presupuesto de Di\u00e1logo, igual que otras partidas. Sin embargo, durante la evaluaci\u00f3n y aprobaci\u00f3n del presupuesto de la universidad, la Junta de Gobierno de la UPR acord\u00f3 aumentarle $100 mil al medio. Bajo el nuevo modelo, Di\u00e1logo deber\u00e1 implementar medidas para generar nuevos ingresos.[\/vc_column_text][vc_empty_space]<div class=\"hr-thin style-line\" style=\"width: 100%;border-color: #dd9933;border-top-width: 1px;\"><\/div>[\/vc_column][\/vc_row]<\/p>\n<\/div>","protected":false},"excerpt":{"rendered":"<p>[vc_row][vc_column][vc_media_grid style=\u00bbpagination\u00bb items_per_page=\u00bb3&#8243; arrows_design=\u00bbvc_arrow-icon-arrow_09_left\u00bb arrows_position=\u00bboutside\u00bb arrows_color=\u00bborange\u00bb paging_design=\u00bbnone\u00bb grid_id=\u00bbvc_gid:1531250498416-7d8b8980-6a21-3&#8243; include=\u00bb20635&#8243;][vc_empty_space][vc_column_text]10 de julio de 2018 Periodistas y profesores con vasto conocimiento y experiencia en el \u00e1mbito de las comunicaciones estar\u00e1n a cargo del peri\u00f3dico Di\u00e1logo en los recintos y unidades de la Universidad de Puerto Rico (UPR) que ofrecen programas de Comunicaci\u00f3n. Las periodistas y profesoras, Eva&hellip;<\/p>\n","protected":false},"author":30,"featured_media":20635,"comment_status":"closed","ping_status":"closed","sticky":false,"template":"","format":"standard","meta":{"_themeisle_gutenberg_block_has_review":false,"footnotes":""},"categories":[220],"tags":[],"class_list":["post-20624","post","type-post","status-publish","format-standard","has-post-thumbnail","hentry","category-prueba","category-220","description-off"],"_links":{"self":[{"href":"https:\/\/www.upr.edu\/ac\/wp-json\/wp\/v2\/posts\/20624","targetHints":{"allow":["GET"]}}],"collection":[{"href":"https:\/\/www.upr.edu\/ac\/wp-json\/wp\/v2\/posts"}],"about":[{"href":"https:\/\/www.upr.edu\/ac\/wp-json\/wp\/v2\/types\/post"}],"author":[{"embeddable":true,"href":"https:\/\/www.upr.edu\/ac\/wp-json\/wp\/v2\/users\/30"}],"replies":[{"embeddable":true,"href":"https:\/\/www.upr.edu\/ac\/wp-json\/wp\/v2\/comments?post=20624"}],"version-history":[{"count":2,"href":"https:\/\/www.upr.edu\/ac\/wp-json\/wp\/v2\/posts\/20624\/revisions"}],"predecessor-version":[{"id":20636,"href":"https:\/\/www.upr.edu\/ac\/wp-json\/wp\/v2\/posts\/20624\/revisions\/20636"}],"wp:featuredmedia":[{"embeddable":true,"href":"https:\/\/www.upr.edu\/ac\/wp-json\/wp\/v2\/media\/20635"}],"wp:attachment":[{"href":"https:\/\/www.upr.edu\/ac\/wp-json\/wp\/v2\/media?parent=20624"}],"wp:term":[{"taxonomy":"category","embeddable":true,"href":"https:\/\/www.upr.edu\/ac\/wp-json\/wp\/v2\/categories?post=20624"},{"taxonomy":"post_tag","embeddable":true,"href":"https:\/\/www.upr.edu\/ac\/wp-json\/wp\/v2\/tags?post=20624"}],"curies":[{"name":"wp","href":"https:\/\/api.w.org\/{rel}","templated":true}]}}